{"id":36929,"date":"2018-09-13T12:05:04","date_gmt":"2018-09-13T15:05:04","guid":{"rendered":"http:\/\/www.portalmantena.com.br\/novo\/?p=36929"},"modified":"2018-09-14T14:19:35","modified_gmt":"2018-09-14T17:19:35","slug":"1a-corrida-e-caminhada-do-contestado-no-proximo-domingo","status":"publish","type":"post","link":"http:\/\/www.portalmantena.com.br\/novo\/?p=36929","title":{"rendered":"1\u00aa Corrida e Caminhada do Contestado no pr\u00f3ximo domingo"},"content":{"rendered":"<p><a href=\"http:\/\/www.portalmantena.com.br\/novo\/wp-content\/uploads\/2018\/09\/no120918corrida.jpg\"><img loading=\"lazy\" class=\"alignnone size-full wp-image-36930\" src=\"http:\/\/www.portalmantena.com.br\/novo\/wp-content\/uploads\/2018\/09\/no120918corrida.jpg\" alt=\"\" width=\"700\" height=\"450\" srcset=\"http:\/\/www.portalmantena.com.br\/novo\/wp-content\/uploads\/2018\/09\/no120918corrida.jpg 700w, http:\/\/www.portalmantena.com.br\/novo\/wp-content\/uploads\/2018\/09\/no120918corrida-300x193.jpg 300w, http:\/\/www.portalmantena.com.br\/novo\/wp-content\/uploads\/2018\/09\/no120918corrida-696x447.jpg 696w, http:\/\/www.portalmantena.com.br\/novo\/wp-content\/uploads\/2018\/09\/no120918corrida-653x420.jpg 653w\" sizes=\"(max-width: 700px) 100vw, 700px\" \/><\/a><\/p>\n<p><span style=\"font-size: 14pt;\">No pr\u00f3ximo domingo dia 16 de Setembro, acontecer\u00e1 em Barra de S\u00e3o Francisco, a 1\u00aa Corrida e Caminhada do Contestado. <\/span><\/p>\n<p><span style=\"font-size: 14pt;\">O evento que teve a inscri\u00e7\u00e3o de R$ 50,00 reais, com limite para 200 inscri\u00e7\u00f5es, ser\u00e1 disputado em v\u00e1rias categorias. A disputa ter\u00e1 o percurso na rodovia Levi Teixeira Lima (trecho que liga o povoado do Bananal em Mantena at\u00e9 a cidade de Barra de S\u00e3o Francisco). <\/span><\/p>\n<p><span style=\"font-size: 14pt;\">A largada ser\u00e1 da Divisa Minas x Esp\u00edrito Santo, totalizando um percurso de 7 km com a chegada prevista para a Pra\u00e7a Central em Barra de S\u00e3o Francisco.<\/span><\/p>\n<p><span style=\"font-size: 10pt;\">ESPA\u00c7O EMPRESARIAL<\/span><a href=\"https:\/\/www.facebook.com\/esteticistapatriciakarla?hc_ref=ARTRLla5NWzFR9As7pFhvjpUZM7NbqisWdJzWAYI0A3hB0_PPbvfdsWq2KrDLR_IF-8&amp;fref=nf\"><img loading=\"lazy\" class=\"alignnone size-full wp-image-34128\" src=\"http:\/\/www.portalmantena.com.br\/novo\/wp-content\/uploads\/2018\/05\/estetica010818.jpg\" alt=\"\" width=\"700\" height=\"150\" srcset=\"http:\/\/www.portalmantena.com.br\/novo\/wp-content\/uploads\/2018\/05\/estetica010818.jpg 700w, http:\/\/www.portalmantena.com.br\/novo\/wp-content\/uploads\/2018\/05\/estetica010818-300x64.jpg 300w, http:\/\/www.portalmantena.com.br\/novo\/wp-content\/uploads\/2018\/05\/estetica010818-696x150.jpg 696w\" sizes=\"(max-width: 700px) 100vw, 700px\" \/><\/a><\/p>\n","protected":false},"excerpt":{"rendered":"<p>No pr\u00f3ximo domingo dia 16 de Setembro, acontecer\u00e1 em Barra de S\u00e3o Francisco, a 1\u00aa Corrida e Caminhada do Contestado. O evento que teve a inscri\u00e7\u00e3o de R$ 50,00 reais, com limite para 200 inscri\u00e7\u00f5es, ser\u00e1 disputado em v\u00e1rias categorias. A disputa ter\u00e1 o percurso na rodovia Levi Teixeira Lima (trecho que liga o povoado [&hellip;]<\/p>\n","protected":false},"author":1,"featured_media":36930,"comment_status":"open","ping_status":"open","sticky":false,"template":"","format":"standard","meta":[],"categories":[11],"tags":[],"_links":{"self":[{"href":"http:\/\/www.portalmantena.com.br\/novo\/index.php?rest_route=\/wp\/v2\/posts\/36929"}],"collection":[{"href":"http:\/\/www.portalmantena.com.br\/novo\/index.php?rest_route=\/wp\/v2\/posts"}],"about":[{"href":"http:\/\/www.portalmantena.com.br\/novo\/index.php?rest_route=\/wp\/v2\/types\/post"}],"author":[{"embeddable":true,"href":"http:\/\/www.portalmantena.com.br\/novo\/index.php?rest_route=\/wp\/v2\/users\/1"}],"replies":[{"embeddable":true,"href":"http:\/\/www.portalmantena.com.br\/novo\/index.php?rest_route=%2Fwp%2Fv2%2Fcomments&post=36929"}],"version-history":[{"count":1,"href":"http:\/\/www.portalmantena.com.br\/novo\/index.php?rest_route=\/wp\/v2\/posts\/36929\/revisions"}],"predecessor-version":[{"id":36931,"href":"http:\/\/www.portalmantena.com.br\/novo\/index.php?rest_route=\/wp\/v2\/posts\/36929\/revisions\/36931"}],"wp:featuredmedia":[{"embeddable":true,"href":"http:\/\/www.portalmantena.com.br\/novo\/index.php?rest_route=\/wp\/v2\/media\/36930"}],"wp:attachment":[{"href":"http:\/\/www.portalmantena.com.br\/novo\/index.php?rest_route=%2Fwp%2Fv2%2Fmedia&parent=36929"}],"wp:term":[{"taxonomy":"category","embeddable":true,"href":"http:\/\/www.portalmantena.com.br\/novo\/index.php?rest_route=%2Fwp%2Fv2%2Fcategories&post=36929"},{"taxonomy":"post_tag","embeddable":true,"href":"http:\/\/www.portalmantena.com.br\/novo\/index.php?rest_route=%2Fwp%2Fv2%2Ftags&post=36929"}],"curies":[{"name":"wp","href":"https:\/\/api.w.org\/{rel}","templated":true}]}}