{"id":36866,"date":"2018-09-13T10:01:26","date_gmt":"2018-09-13T13:01:26","guid":{"rendered":"http:\/\/www.portalmantena.com.br\/novo\/?p=36866"},"modified":"2018-09-12T10:04:13","modified_gmt":"2018-09-12T13:04:13","slug":"dois-detidos-e-espingardas-calibres-36-e-40-apreendidas","status":"publish","type":"post","link":"http:\/\/www.portalmantena.com.br\/novo\/?p=36866","title":{"rendered":"Dois detidos e espingardas calibres 36 e .40 apreendidas"},"content":{"rendered":"<p><a href=\"http:\/\/www.portalmantena.com.br\/novo\/wp-content\/uploads\/2018\/09\/no120918arma.jpg\"><img loading=\"lazy\" class=\"alignnone size-full wp-image-36867\" src=\"http:\/\/www.portalmantena.com.br\/novo\/wp-content\/uploads\/2018\/09\/no120918arma.jpg\" alt=\"\" width=\"700\" height=\"450\" srcset=\"http:\/\/www.portalmantena.com.br\/novo\/wp-content\/uploads\/2018\/09\/no120918arma.jpg 700w, http:\/\/www.portalmantena.com.br\/novo\/wp-content\/uploads\/2018\/09\/no120918arma-300x193.jpg 300w, http:\/\/www.portalmantena.com.br\/novo\/wp-content\/uploads\/2018\/09\/no120918arma-696x447.jpg 696w, http:\/\/www.portalmantena.com.br\/novo\/wp-content\/uploads\/2018\/09\/no120918arma-653x420.jpg 653w\" sizes=\"(max-width: 700px) 100vw, 700px\" \/><\/a><span style=\"font-size: 10pt;\">Foto:noticiasnoleste<\/span><\/p>\n<p><span style=\"font-size: 14pt;\">A Pol\u00edcia Militar apreendeu duas espingardas na zona rural do munic\u00edpio de Goiabeira, na \u00faltima semana. <\/span><\/p>\n<p><span style=\"font-size: 14pt;\">Segundo informa\u00e7\u00f5es, dois suspeitos, de 73 e 60 anos passaram pelos militares em um ve\u00edculo Volkswagen fusca em dire\u00e7\u00e3o ao C\u00f3rrego Pedra Alta. Eles ent\u00e3o abandonaram o ve\u00edculo e subiram um morro a p\u00e9. <\/span><\/p>\n<p><span style=\"font-size: 14pt;\">Os militares foram ao encal\u00e7o dos suspeitos e os flagraram de posse das armas de fogo uma calibre 36 e outra calibre 40. <\/span><\/p>\n<p><span style=\"font-size: 14pt;\">Os dois foram presos em flagrante por posse ilegal de arma de fogo e encaminhados para a Delegacia de Pol\u00edcia, onde ficaram \u00e0 disposi\u00e7\u00e3o da justi\u00e7a. (fonte\/foto:noticiasnoleste).<\/span><\/p>\n<p><span style=\"font-size: 10pt;\">ESPA\u00c7O EMPRESARIAL<\/span><a href=\"http:\/\/www.portalmantena.com.br\/novo\/?p=16284\"><img loading=\"lazy\" class=\"alignnone size-full wp-image-29167\" src=\"http:\/\/www.portalmantena.com.br\/novo\/wp-content\/uploads\/2018\/05\/honcafaixa.jpg\" alt=\"\" width=\"700\" height=\"150\" srcset=\"http:\/\/www.portalmantena.com.br\/novo\/wp-content\/uploads\/2018\/05\/honcafaixa.jpg 700w, http:\/\/www.portalmantena.com.br\/novo\/wp-content\/uploads\/2018\/05\/honcafaixa-300x64.jpg 300w, http:\/\/www.portalmantena.com.br\/novo\/wp-content\/uploads\/2018\/05\/honcafaixa-696x150.jpg 696w\" sizes=\"(max-width: 700px) 100vw, 700px\" \/><\/a><\/p>\n","protected":false},"excerpt":{"rendered":"<p>Foto:noticiasnoleste A Pol\u00edcia Militar apreendeu duas espingardas na zona rural do munic\u00edpio de Goiabeira, na \u00faltima semana. Segundo informa\u00e7\u00f5es, dois suspeitos, de 73 e 60 anos passaram pelos militares em um ve\u00edculo Volkswagen fusca em dire\u00e7\u00e3o ao C\u00f3rrego Pedra Alta. Eles ent\u00e3o abandonaram o ve\u00edculo e subiram um morro a p\u00e9. Os militares foram ao [&hellip;]<\/p>\n","protected":false},"author":1,"featured_media":36867,"comment_status":"open","ping_status":"open","sticky":false,"template":"","format":"standard","meta":[],"categories":[11,34],"tags":[],"_links":{"self":[{"href":"http:\/\/www.portalmantena.com.br\/novo\/index.php?rest_route=\/wp\/v2\/posts\/36866"}],"collection":[{"href":"http:\/\/www.portalmantena.com.br\/novo\/index.php?rest_route=\/wp\/v2\/posts"}],"about":[{"href":"http:\/\/www.portalmantena.com.br\/novo\/index.php?rest_route=\/wp\/v2\/types\/post"}],"author":[{"embeddable":true,"href":"http:\/\/www.portalmantena.com.br\/novo\/index.php?rest_route=\/wp\/v2\/users\/1"}],"replies":[{"embeddable":true,"href":"http:\/\/www.portalmantena.com.br\/novo\/index.php?rest_route=%2Fwp%2Fv2%2Fcomments&post=36866"}],"version-history":[{"count":1,"href":"http:\/\/www.portalmantena.com.br\/novo\/index.php?rest_route=\/wp\/v2\/posts\/36866\/revisions"}],"predecessor-version":[{"id":36868,"href":"http:\/\/www.portalmantena.com.br\/novo\/index.php?rest_route=\/wp\/v2\/posts\/36866\/revisions\/36868"}],"wp:featuredmedia":[{"embeddable":true,"href":"http:\/\/www.portalmantena.com.br\/novo\/index.php?rest_route=\/wp\/v2\/media\/36867"}],"wp:attachment":[{"href":"http:\/\/www.portalmantena.com.br\/novo\/index.php?rest_route=%2Fwp%2Fv2%2Fmedia&parent=36866"}],"wp:term":[{"taxonomy":"category","embeddable":true,"href":"http:\/\/www.portalmantena.com.br\/novo\/index.php?rest_route=%2Fwp%2Fv2%2Fcategories&post=36866"},{"taxonomy":"post_tag","embeddable":true,"href":"http:\/\/www.portalmantena.com.br\/novo\/index.php?rest_route=%2Fwp%2Fv2%2Ftags&post=36866"}],"curies":[{"name":"wp","href":"https:\/\/api.w.org\/{rel}","templated":true}]}}