{"id":36861,"date":"2018-09-12T09:49:02","date_gmt":"2018-09-12T12:49:02","guid":{"rendered":"http:\/\/www.portalmantena.com.br\/novo\/?p=36861"},"modified":"2018-09-12T09:52:10","modified_gmt":"2018-09-12T12:52:10","slug":"jogador-que-nasceu-em-nova-venecia-marca-2-gols-pela-selecao","status":"publish","type":"post","link":"http:\/\/www.portalmantena.com.br\/novo\/?p=36861","title":{"rendered":"Jogador que nasceu em Nova Ven\u00e9cia marca 2 gols pela Sele\u00e7\u00e3o"},"content":{"rendered":"<p><a href=\"http:\/\/www.portalmantena.com.br\/novo\/wp-content\/uploads\/2018\/09\/no120918brasil.jpg\"><img loading=\"lazy\" class=\"alignnone size-full wp-image-36862\" src=\"http:\/\/www.portalmantena.com.br\/novo\/wp-content\/uploads\/2018\/09\/no120918brasil.jpg\" alt=\"\" width=\"700\" height=\"450\" srcset=\"http:\/\/www.portalmantena.com.br\/novo\/wp-content\/uploads\/2018\/09\/no120918brasil.jpg 700w, http:\/\/www.portalmantena.com.br\/novo\/wp-content\/uploads\/2018\/09\/no120918brasil-300x193.jpg 300w, http:\/\/www.portalmantena.com.br\/novo\/wp-content\/uploads\/2018\/09\/no120918brasil-696x447.jpg 696w, http:\/\/www.portalmantena.com.br\/novo\/wp-content\/uploads\/2018\/09\/no120918brasil-653x420.jpg 653w\" sizes=\"(max-width: 700px) 100vw, 700px\" \/><\/a><span style=\"font-size: 10pt;\">Foto: internet<\/span><\/p>\n<p><span style=\"font-size: 14pt;\">A sele\u00e7\u00e3o brasileira esteve em campo na noite desta ter\u00e7a-feira (12), na cidade americana de Washington, onde goleou a sele\u00e7\u00e3o de El Salvador pelo placar de 5 a 0, com direito a dois gols do atacante Richarlison, atleta que vem sendo destaque pelas equipes por onde passa, ele que \u00e9 natural do munic\u00edpio capixaba de Nova Ven\u00e9cia. <\/span><\/p>\n<p><span style=\"font-size: 14pt;\">A sele\u00e7\u00e3o Brasileira que foi reformulada pelo t\u00e9cnico Tite, entrou em campo com seis titulares que n\u00e3o disputaram a Copa do Mundo da R\u00fassia, e o time canarinho n\u00e3o teve dificuldades para golear o advers\u00e1rio que \u00e9 relativamente fraco. <\/span><\/p>\n<p><span style=\"font-size: 14pt;\">No primeiro tempo o placar j\u00e1 estava em 3 a 0 com gols de Neymar, Richarlison e Philippe Coutinho. <\/span><\/p>\n<p><span style=\"font-size: 14pt;\">Na etapa complementar, o estreante Richarlison marcou mais um e Marquinhos fechou a conta. \u00a0A prepara\u00e7\u00e3o da Sele\u00e7\u00e3o segue j\u00e1 pensando na Copa Am\u00e9rica 2019, que acontecer\u00e1 no Brasil. <\/span><\/p>\n<p><span style=\"font-size: 14pt;\">A Sele\u00e7\u00e3o ainda ter\u00e1 pela frente mais dois amistosos, Ar\u00e1bia Saudita dia 12 e Argentina dia 16 de Outubro. <\/span><\/p>\n<p><span style=\"font-size: 14pt;\"><strong>Richarlison de Andrade, mais conhecido como Richarlison, nasceu no munic\u00edpio capixaba de Nova Ven\u00e9cia, e atualmente \u00e9 jogador do Everton, por\u00e9m surgiu para o futebol no Real Noroeste (\u00c1guia Branca)em 2013, e foi contratado pelo Am\u00e9rica Mineiro em 2015. Teve destaque nacional no Fluminense do Rio de Janeiro, e segue sua brilhante carreira na Europa. Ele j\u00e1 defendeu as cores do Brasil na Sele\u00e7\u00e3o Brasileira sub 20, e agora chega \u00e0 Sele\u00e7\u00e3o Principal estreando com j\u00e1 dois gols marcados na mesma partida.<\/strong> <\/span><\/p>\n<p><span style=\"font-size: 14pt;\">(Foto: internet).<\/span><\/p>\n<p><span style=\"font-size: 10pt;\">ESPA\u00c7O EMPRESARIAL<\/span><a href=\"http:\/\/www.portalmantena.com.br\/novo\/wp-content\/uploads\/2018\/05\/cafebonzonfaixa.jpg\"><img loading=\"lazy\" class=\"alignnone size-full wp-image-29162\" src=\"http:\/\/www.portalmantena.com.br\/novo\/wp-content\/uploads\/2018\/05\/cafebonzonfaixa.jpg\" alt=\"\" width=\"700\" height=\"150\" srcset=\"http:\/\/www.portalmantena.com.br\/novo\/wp-content\/uploads\/2018\/05\/cafebonzonfaixa.jpg 700w, http:\/\/www.portalmantena.com.br\/novo\/wp-content\/uploads\/2018\/05\/cafebonzonfaixa-300x64.jpg 300w, http:\/\/www.portalmantena.com.br\/novo\/wp-content\/uploads\/2018\/05\/cafebonzonfaixa-696x150.jpg 696w\" sizes=\"(max-width: 700px) 100vw, 700px\" \/><\/a><\/p>\n","protected":false},"excerpt":{"rendered":"<p>Foto: internet A sele\u00e7\u00e3o brasileira esteve em campo na noite desta ter\u00e7a-feira (12), na cidade americana de Washington, onde goleou a sele\u00e7\u00e3o de El Salvador pelo placar de 5 a 0, com direito a dois gols do atacante Richarlison, atleta que vem sendo destaque pelas equipes por onde passa, ele que \u00e9 natural do munic\u00edpio [&hellip;]<\/p>\n","protected":false},"author":1,"featured_media":36862,"comment_status":"open","ping_status":"open","sticky":false,"template":"","format":"standard","meta":[],"categories":[22],"tags":[],"_links":{"self":[{"href":"http:\/\/www.portalmantena.com.br\/novo\/index.php?rest_route=\/wp\/v2\/posts\/36861"}],"collection":[{"href":"http:\/\/www.portalmantena.com.br\/novo\/index.php?rest_route=\/wp\/v2\/posts"}],"about":[{"href":"http:\/\/www.portalmantena.com.br\/novo\/index.php?rest_route=\/wp\/v2\/types\/post"}],"author":[{"embeddable":true,"href":"http:\/\/www.portalmantena.com.br\/novo\/index.php?rest_route=\/wp\/v2\/users\/1"}],"replies":[{"embeddable":true,"href":"http:\/\/www.portalmantena.com.br\/novo\/index.php?rest_route=%2Fwp%2Fv2%2Fcomments&post=36861"}],"version-history":[{"count":3,"href":"http:\/\/www.portalmantena.com.br\/novo\/index.php?rest_route=\/wp\/v2\/posts\/36861\/revisions"}],"predecessor-version":[{"id":36865,"href":"http:\/\/www.portalmantena.com.br\/novo\/index.php?rest_route=\/wp\/v2\/posts\/36861\/revisions\/36865"}],"wp:featuredmedia":[{"embeddable":true,"href":"http:\/\/www.portalmantena.com.br\/novo\/index.php?rest_route=\/wp\/v2\/media\/36862"}],"wp:attachment":[{"href":"http:\/\/www.portalmantena.com.br\/novo\/index.php?rest_route=%2Fwp%2Fv2%2Fmedia&parent=36861"}],"wp:term":[{"taxonomy":"category","embeddable":true,"href":"http:\/\/www.portalmantena.com.br\/novo\/index.php?rest_route=%2Fwp%2Fv2%2Fcategories&post=36861"},{"taxonomy":"post_tag","embeddable":true,"href":"http:\/\/www.portalmantena.com.br\/novo\/index.php?rest_route=%2Fwp%2Fv2%2Ftags&post=36861"}],"curies":[{"name":"wp","href":"https:\/\/api.w.org\/{rel}","templated":true}]}}