{"id":3684,"date":"2017-03-28T13:02:25","date_gmt":"2017-03-28T16:02:25","guid":{"rendered":"http:\/\/www.portalmantena.com.br\/novo\/?p=3684"},"modified":"2017-03-28T13:02:25","modified_gmt":"2017-03-28T16:02:25","slug":"o-meia-marlone-e-apresentado-pelo-atletico-mg-nesta-terca-feira","status":"publish","type":"post","link":"http:\/\/www.portalmantena.com.br\/novo\/?p=3684","title":{"rendered":"O meia Marlone \u00e9 apresentado pelo Atl\u00e9tico-MG nesta ter\u00e7a-feira"},"content":{"rendered":"<p><a href=\"http:\/\/www.portalmantena.com.br\/novo\/wp-content\/uploads\/2017\/03\/es280317marlone.jpg\"><img loading=\"lazy\" class=\"alignnone size-full wp-image-3685\" src=\"http:\/\/www.portalmantena.com.br\/novo\/wp-content\/uploads\/2017\/03\/es280317marlone.jpg\" alt=\"\" width=\"650\" height=\"420\" srcset=\"http:\/\/www.portalmantena.com.br\/novo\/wp-content\/uploads\/2017\/03\/es280317marlone.jpg 650w, http:\/\/www.portalmantena.com.br\/novo\/wp-content\/uploads\/2017\/03\/es280317marlone-300x194.jpg 300w\" sizes=\"(max-width: 650px) 100vw, 650px\" \/><\/a><\/p>\n<p><span style=\"font-size: 14pt; color: #003366;\">O meia Marlone \u00e9 apresentado pelo Atl\u00e9tico-MG nesta ter\u00e7a-feira<\/span><\/p>\n<p><span style=\"font-size: 14pt;\">&gt;&gt;&gt;O meia Marlone foi apresentado pelo Atl\u00e9tico-MG nesta ter\u00e7a-feira e j\u00e1 vislumbra uma parceria de sucesso com o t\u00e9cnico Roger Machado. Desejo antigo do treinador do Galo, o jogador chega ao clube emprestado pelo Corinthians at\u00e9 o final do ano, em troca por Clayton, que ficar\u00e1 no clube paulista at\u00e9 o fim de 2017. Marlone comentou sobre o desejo de se dar bem no Atl\u00e9tico-MG e a recep\u00e7\u00e3o que teve no novo clube. &#8211; Estou muito feliz aqui. Soube do interesse do Roger e fiquei muito feliz. Espero fazer hist\u00f3ria aqui no clube, ajudar meus companheiros. Quero marcar meu nome na hist\u00f3ria do clube e \u00e9 com esse pensamento que estou. O jogador teve o nome publicado no BID e esta \u00e0 disposi\u00e7\u00e3o do treinador j\u00e1 para o cl\u00e1ssico contra o Cruzeiro, neste s\u00e1bado, \u00e0s 16h (de Bras\u00edlia), no Mineir\u00e3o. Marlone valorizou o interesse do t\u00e9cnico Roger Machado, que pediu a contrata\u00e7\u00e3o do jogador. (fonte\/foto:globo)<\/span><\/p>\n","protected":false},"excerpt":{"rendered":"<p>O meia Marlone \u00e9 apresentado pelo Atl\u00e9tico-MG nesta ter\u00e7a-feira &gt;&gt;&gt;O meia Marlone foi apresentado pelo Atl\u00e9tico-MG nesta ter\u00e7a-feira e j\u00e1 vislumbra uma parceria de sucesso com o t\u00e9cnico Roger Machado. Desejo antigo do treinador do Galo, o jogador chega ao clube emprestado pelo Corinthians at\u00e9 o final do ano, em troca por Clayton, que ficar\u00e1 [&hellip;]<\/p>\n","protected":false},"author":1,"featured_media":3685,"comment_status":"open","ping_status":"open","sticky":false,"template":"","format":"standard","meta":[],"categories":[22],"tags":[],"_links":{"self":[{"href":"http:\/\/www.portalmantena.com.br\/novo\/index.php?rest_route=\/wp\/v2\/posts\/3684"}],"collection":[{"href":"http:\/\/www.portalmantena.com.br\/novo\/index.php?rest_route=\/wp\/v2\/posts"}],"about":[{"href":"http:\/\/www.portalmantena.com.br\/novo\/index.php?rest_route=\/wp\/v2\/types\/post"}],"author":[{"embeddable":true,"href":"http:\/\/www.portalmantena.com.br\/novo\/index.php?rest_route=\/wp\/v2\/users\/1"}],"replies":[{"embeddable":true,"href":"http:\/\/www.portalmantena.com.br\/novo\/index.php?rest_route=%2Fwp%2Fv2%2Fcomments&post=3684"}],"version-history":[{"count":1,"href":"http:\/\/www.portalmantena.com.br\/novo\/index.php?rest_route=\/wp\/v2\/posts\/3684\/revisions"}],"predecessor-version":[{"id":3686,"href":"http:\/\/www.portalmantena.com.br\/novo\/index.php?rest_route=\/wp\/v2\/posts\/3684\/revisions\/3686"}],"wp:featuredmedia":[{"embeddable":true,"href":"http:\/\/www.portalmantena.com.br\/novo\/index.php?rest_route=\/wp\/v2\/media\/3685"}],"wp:attachment":[{"href":"http:\/\/www.portalmantena.com.br\/novo\/index.php?rest_route=%2Fwp%2Fv2%2Fmedia&parent=3684"}],"wp:term":[{"taxonomy":"category","embeddable":true,"href":"http:\/\/www.portalmantena.com.br\/novo\/index.php?rest_route=%2Fwp%2Fv2%2Fcategories&post=3684"},{"taxonomy":"post_tag","embeddable":true,"href":"http:\/\/www.portalmantena.com.br\/novo\/index.php?rest_route=%2Fwp%2Fv2%2Ftags&post=3684"}],"curies":[{"name":"wp","href":"https:\/\/api.w.org\/{rel}","templated":true}]}}