{"id":36838,"date":"2018-09-12T20:50:20","date_gmt":"2018-09-12T23:50:20","guid":{"rendered":"http:\/\/www.portalmantena.com.br\/novo\/?p=36838"},"modified":"2018-09-18T13:23:24","modified_gmt":"2018-09-18T16:23:24","slug":"rosana-e-jeane-se-reencontrando-em-mantena","status":"publish","type":"post","link":"http:\/\/www.portalmantena.com.br\/novo\/?p=36838","title":{"rendered":"Rosana e Jeane se reencontrando em Mantena"},"content":{"rendered":"<p><a href=\"http:\/\/www.portalmantena.com.br\/novo\/wp-content\/uploads\/2018\/09\/vi110918zana.jpg\"><img loading=\"lazy\" class=\"alignnone size-full wp-image-36839\" src=\"http:\/\/www.portalmantena.com.br\/novo\/wp-content\/uploads\/2018\/09\/vi110918zana.jpg\" alt=\"\" width=\"700\" height=\"450\" srcset=\"http:\/\/www.portalmantena.com.br\/novo\/wp-content\/uploads\/2018\/09\/vi110918zana.jpg 700w, http:\/\/www.portalmantena.com.br\/novo\/wp-content\/uploads\/2018\/09\/vi110918zana-300x193.jpg 300w, http:\/\/www.portalmantena.com.br\/novo\/wp-content\/uploads\/2018\/09\/vi110918zana-696x447.jpg 696w, http:\/\/www.portalmantena.com.br\/novo\/wp-content\/uploads\/2018\/09\/vi110918zana-653x420.jpg 653w\" sizes=\"(max-width: 700px) 100vw, 700px\" \/><\/a><\/p>\n<p><span style=\"font-size: 14pt;\">As amigas Rosana Assis e Jeane Gleide (esposa do pastor Robson C\u00e2mara), se reencontrando em Mantena ap\u00f3s um longo per\u00edodo sem se ver. \u00a0<\/span><\/p>\n<p><span style=\"font-size: 14pt;\">Jeane que reside na cidade de Maca\u00e9 no estado do Rio de Janeiro onde seu esposo pastoreia a Primeira Igreja Batista. <\/span><\/p>\n<p><span style=\"font-size: 14pt;\">Momentos de descontra\u00e7\u00e3o das amigas e aquele bate papo agrad\u00e1vel ap\u00f3s o culto da manh\u00e3 na PIB em Mantena neste domingo dia 09 de Setembro, relembrando os bons tempos na terrinha.<\/span><\/p>\n<p><span style=\"font-size: 10pt;\">ESPA\u00c7O EMPRESARIAL<\/span><a href=\"https:\/\/www.facebook.com\/Mercado-Natural-MG-802896040099891\/\"><img src=\"http:\/\/www.portalmantena.com.br\/novo\/wp-content\/uploads\/2018\/09\/mercado1a.jpg\" \/><\/a><\/p>\n<p>&nbsp;<\/p>\n<p>&nbsp;<\/p>\n","protected":false},"excerpt":{"rendered":"<p>As amigas Rosana Assis e Jeane Gleide (esposa do pastor Robson C\u00e2mara), se reencontrando em Mantena ap\u00f3s um longo per\u00edodo sem se ver. \u00a0 Jeane que reside na cidade de Maca\u00e9 no estado do Rio de Janeiro onde seu esposo pastoreia a Primeira Igreja Batista. Momentos de descontra\u00e7\u00e3o das amigas e aquele bate papo agrad\u00e1vel [&hellip;]<\/p>\n","protected":false},"author":1,"featured_media":36839,"comment_status":"open","ping_status":"open","sticky":false,"template":"","format":"standard","meta":[],"categories":[73],"tags":[],"_links":{"self":[{"href":"http:\/\/www.portalmantena.com.br\/novo\/index.php?rest_route=\/wp\/v2\/posts\/36838"}],"collection":[{"href":"http:\/\/www.portalmantena.com.br\/novo\/index.php?rest_route=\/wp\/v2\/posts"}],"about":[{"href":"http:\/\/www.portalmantena.com.br\/novo\/index.php?rest_route=\/wp\/v2\/types\/post"}],"author":[{"embeddable":true,"href":"http:\/\/www.portalmantena.com.br\/novo\/index.php?rest_route=\/wp\/v2\/users\/1"}],"replies":[{"embeddable":true,"href":"http:\/\/www.portalmantena.com.br\/novo\/index.php?rest_route=%2Fwp%2Fv2%2Fcomments&post=36838"}],"version-history":[{"count":1,"href":"http:\/\/www.portalmantena.com.br\/novo\/index.php?rest_route=\/wp\/v2\/posts\/36838\/revisions"}],"predecessor-version":[{"id":36840,"href":"http:\/\/www.portalmantena.com.br\/novo\/index.php?rest_route=\/wp\/v2\/posts\/36838\/revisions\/36840"}],"wp:featuredmedia":[{"embeddable":true,"href":"http:\/\/www.portalmantena.com.br\/novo\/index.php?rest_route=\/wp\/v2\/media\/36839"}],"wp:attachment":[{"href":"http:\/\/www.portalmantena.com.br\/novo\/index.php?rest_route=%2Fwp%2Fv2%2Fmedia&parent=36838"}],"wp:term":[{"taxonomy":"category","embeddable":true,"href":"http:\/\/www.portalmantena.com.br\/novo\/index.php?rest_route=%2Fwp%2Fv2%2Fcategories&post=36838"},{"taxonomy":"post_tag","embeddable":true,"href":"http:\/\/www.portalmantena.com.br\/novo\/index.php?rest_route=%2Fwp%2Fv2%2Ftags&post=36838"}],"curies":[{"name":"wp","href":"https:\/\/api.w.org\/{rel}","templated":true}]}}