{"id":3672,"date":"2017-03-28T12:17:48","date_gmt":"2017-03-28T15:17:48","guid":{"rendered":"http:\/\/www.portalmantena.com.br\/novo\/?p=3672"},"modified":"2017-03-28T11:29:19","modified_gmt":"2017-03-28T14:29:19","slug":"chuva-em-mantena-ameniza-calor-e-altera-volume-de-agua-nos-corregos","status":"publish","type":"post","link":"http:\/\/www.portalmantena.com.br\/novo\/?p=3672","title":{"rendered":"Chuva em Mantena ameniza calor e altera volume de \u00e1gua nos c\u00f3rregos"},"content":{"rendered":"<p><a href=\"http:\/\/www.portalmantena.com.br\/novo\/wp-content\/uploads\/2017\/03\/no280317chuva1.jpg\"><img loading=\"lazy\" class=\"alignnone size-full wp-image-3673\" src=\"http:\/\/www.portalmantena.com.br\/novo\/wp-content\/uploads\/2017\/03\/no280317chuva1.jpg\" alt=\"\" width=\"700\" height=\"450\" srcset=\"http:\/\/www.portalmantena.com.br\/novo\/wp-content\/uploads\/2017\/03\/no280317chuva1.jpg 700w, http:\/\/www.portalmantena.com.br\/novo\/wp-content\/uploads\/2017\/03\/no280317chuva1-300x193.jpg 300w, http:\/\/www.portalmantena.com.br\/novo\/wp-content\/uploads\/2017\/03\/no280317chuva1-696x447.jpg 696w, http:\/\/www.portalmantena.com.br\/novo\/wp-content\/uploads\/2017\/03\/no280317chuva1-653x420.jpg 653w\" sizes=\"(max-width: 700px) 100vw, 700px\" \/><\/a><\/p>\n<p><span style=\"font-size: 14pt;\">Ap\u00f3s um final de semana de muito calor, com temperaturas acima dos 40 graus em Mantena, o in\u00edcio desta semana come\u00e7ou com chuvas sobre a cidade. Foi assim na manh\u00e3 desta segunda-feira dia 27 prorrogando at\u00e9 esta ter\u00e7a-feira dia 28 com chuva espa\u00e7as caindo sobre a cidade. <\/span><\/p>\n<p><span style=\"font-size: 14pt;\">O in\u00edcio da noite desta segunda-feira foi de muitos raios, trovoadas e uma pancada de chuva, que deixou o clima mais agrad\u00e1vel em Mantena. O volume de chuva tamb\u00e9m atingiu as cabeceiras com o registro na manh\u00e3 desta ter\u00e7a-feira de enxurradas atingindo os c\u00f3rregos do turvo e turvinho com a barragem do SAAE registrando um grande volume de \u00e1gua, com a enxurrada passando sobre a estrada que leva at\u00e9 o audit\u00f3rio do SAAE no Turvo. <\/span><\/p>\n<p><span style=\"font-size: 14pt;\">O n\u00edvel do c\u00f3rrego S\u00e3o Francisco que corta a cidade chegou a registrar 50 cent\u00edmetros acima do n\u00edvel normal, lembrando que j\u00e1 h\u00e1 alguns dias o n\u00edvel do c\u00f3rrego estava bem abaixo do normal, com alguns trechos apresentando muitas pedras expostas (fundo). At\u00e9 por volta das 10 horas da manh\u00e3 havia sido registrado como chuva no centro de Mantena cerca de 13,8 mil\u00edmetros, ou seja quase 14 litros por metro quadrado. <\/span><\/p>\n<p><span style=\"font-size: 14pt;\">A expectativa \u00e9 que o clima fique assim at\u00e9 esta quarta-feira, no entanto, os institutos de meteorologia est\u00e3o prevendo uma semana de estiagem novamente, sem chuvas para os pr\u00f3ximos dias na regi\u00e3o.<\/span><\/p>\n<p><a href=\"http:\/\/www.portalmantena.com.br\/novo\/wp-content\/uploads\/2017\/03\/no280317chuva2.jpg\"><img loading=\"lazy\" class=\"alignnone size-full wp-image-3674\" src=\"http:\/\/www.portalmantena.com.br\/novo\/wp-content\/uploads\/2017\/03\/no280317chuva2.jpg\" alt=\"\" width=\"700\" height=\"450\" srcset=\"http:\/\/www.portalmantena.com.br\/novo\/wp-content\/uploads\/2017\/03\/no280317chuva2.jpg 700w, http:\/\/www.portalmantena.com.br\/novo\/wp-content\/uploads\/2017\/03\/no280317chuva2-300x193.jpg 300w, http:\/\/www.portalmantena.com.br\/novo\/wp-content\/uploads\/2017\/03\/no280317chuva2-696x447.jpg 696w, http:\/\/www.portalmantena.com.br\/novo\/wp-content\/uploads\/2017\/03\/no280317chuva2-653x420.jpg 653w\" sizes=\"(max-width: 700px) 100vw, 700px\" \/><\/a> <a href=\"http:\/\/www.portalmantena.com.br\/novo\/wp-content\/uploads\/2017\/03\/no280317chuva3.jpg\"><img loading=\"lazy\" class=\"alignnone size-full wp-image-3675\" src=\"http:\/\/www.portalmantena.com.br\/novo\/wp-content\/uploads\/2017\/03\/no280317chuva3.jpg\" alt=\"\" width=\"700\" height=\"450\" srcset=\"http:\/\/www.portalmantena.com.br\/novo\/wp-content\/uploads\/2017\/03\/no280317chuva3.jpg 700w, http:\/\/www.portalmantena.com.br\/novo\/wp-content\/uploads\/2017\/03\/no280317chuva3-300x193.jpg 300w, http:\/\/www.portalmantena.com.br\/novo\/wp-content\/uploads\/2017\/03\/no280317chuva3-696x447.jpg 696w, http:\/\/www.portalmantena.com.br\/novo\/wp-content\/uploads\/2017\/03\/no280317chuva3-653x420.jpg 653w\" sizes=\"(max-width: 700px) 100vw, 700px\" \/><\/a> <a href=\"http:\/\/www.portalmantena.com.br\/novo\/wp-content\/uploads\/2017\/03\/no280317chuva4.jpg\"><img loading=\"lazy\" class=\"alignnone size-full wp-image-3676\" src=\"http:\/\/www.portalmantena.com.br\/novo\/wp-content\/uploads\/2017\/03\/no280317chuva4.jpg\" alt=\"\" width=\"700\" height=\"450\" srcset=\"http:\/\/www.portalmantena.com.br\/novo\/wp-content\/uploads\/2017\/03\/no280317chuva4.jpg 700w, http:\/\/www.portalmantena.com.br\/novo\/wp-content\/uploads\/2017\/03\/no280317chuva4-300x193.jpg 300w, http:\/\/www.portalmantena.com.br\/novo\/wp-content\/uploads\/2017\/03\/no280317chuva4-696x447.jpg 696w, http:\/\/www.portalmantena.com.br\/novo\/wp-content\/uploads\/2017\/03\/no280317chuva4-653x420.jpg 653w\" sizes=\"(max-width: 700px) 100vw, 700px\" \/><\/a> <a href=\"http:\/\/www.portalmantena.com.br\/novo\/wp-content\/uploads\/2017\/03\/no280317chuva5.jpg\"><img loading=\"lazy\" class=\"alignnone size-full wp-image-3677\" src=\"http:\/\/www.portalmantena.com.br\/novo\/wp-content\/uploads\/2017\/03\/no280317chuva5.jpg\" alt=\"\" width=\"700\" height=\"450\" srcset=\"http:\/\/www.portalmantena.com.br\/novo\/wp-content\/uploads\/2017\/03\/no280317chuva5.jpg 700w, http:\/\/www.portalmantena.com.br\/novo\/wp-content\/uploads\/2017\/03\/no280317chuva5-300x193.jpg 300w, http:\/\/www.portalmantena.com.br\/novo\/wp-content\/uploads\/2017\/03\/no280317chuva5-696x447.jpg 696w, http:\/\/www.portalmantena.com.br\/novo\/wp-content\/uploads\/2017\/03\/no280317chuva5-653x420.jpg 653w\" sizes=\"(max-width: 700px) 100vw, 700px\" \/><\/a><\/p>\n","protected":false},"excerpt":{"rendered":"<p>Ap\u00f3s um final de semana de muito calor, com temperaturas acima dos 40 graus em Mantena, o in\u00edcio desta semana come\u00e7ou com chuvas sobre a cidade. Foi assim na manh\u00e3 desta segunda-feira dia 27 prorrogando at\u00e9 esta ter\u00e7a-feira dia 28 com chuva espa\u00e7as caindo sobre a cidade. O in\u00edcio da noite desta segunda-feira foi de [&hellip;]<\/p>\n","protected":false},"author":1,"featured_media":3673,"comment_status":"open","ping_status":"open","sticky":false,"template":"","format":"standard","meta":[],"categories":[36,12,11],"tags":[],"_links":{"self":[{"href":"http:\/\/www.portalmantena.com.br\/novo\/index.php?rest_route=\/wp\/v2\/posts\/3672"}],"collection":[{"href":"http:\/\/www.portalmantena.com.br\/novo\/index.php?rest_route=\/wp\/v2\/posts"}],"about":[{"href":"http:\/\/www.portalmantena.com.br\/novo\/index.php?rest_route=\/wp\/v2\/types\/post"}],"author":[{"embeddable":true,"href":"http:\/\/www.portalmantena.com.br\/novo\/index.php?rest_route=\/wp\/v2\/users\/1"}],"replies":[{"embeddable":true,"href":"http:\/\/www.portalmantena.com.br\/novo\/index.php?rest_route=%2Fwp%2Fv2%2Fcomments&post=3672"}],"version-history":[{"count":2,"href":"http:\/\/www.portalmantena.com.br\/novo\/index.php?rest_route=\/wp\/v2\/posts\/3672\/revisions"}],"predecessor-version":[{"id":3679,"href":"http:\/\/www.portalmantena.com.br\/novo\/index.php?rest_route=\/wp\/v2\/posts\/3672\/revisions\/3679"}],"wp:featuredmedia":[{"embeddable":true,"href":"http:\/\/www.portalmantena.com.br\/novo\/index.php?rest_route=\/wp\/v2\/media\/3673"}],"wp:attachment":[{"href":"http:\/\/www.portalmantena.com.br\/novo\/index.php?rest_route=%2Fwp%2Fv2%2Fmedia&parent=3672"}],"wp:term":[{"taxonomy":"category","embeddable":true,"href":"http:\/\/www.portalmantena.com.br\/novo\/index.php?rest_route=%2Fwp%2Fv2%2Fcategories&post=3672"},{"taxonomy":"post_tag","embeddable":true,"href":"http:\/\/www.portalmantena.com.br\/novo\/index.php?rest_route=%2Fwp%2Fv2%2Ftags&post=3672"}],"curies":[{"name":"wp","href":"https:\/\/api.w.org\/{rel}","templated":true}]}}