{"id":36710,"date":"2018-09-10T18:46:56","date_gmt":"2018-09-10T21:46:56","guid":{"rendered":"http:\/\/www.portalmantena.com.br\/novo\/?p=36710"},"modified":"2018-09-12T09:28:59","modified_gmt":"2018-09-12T12:28:59","slug":"aberta-inscricoes-para-oficinas-culturais-em-barra-de-sao-francisco","status":"publish","type":"post","link":"http:\/\/www.portalmantena.com.br\/novo\/?p=36710","title":{"rendered":"Aberta inscri\u00e7\u00f5es para Oficinas Culturais em Barra de S\u00e3o Francisco"},"content":{"rendered":"<p><a href=\"http:\/\/www.portalmantena.com.br\/novo\/wp-content\/uploads\/2018\/09\/no100918cultura.jpg\"><img loading=\"lazy\" class=\"alignnone size-full wp-image-36713\" src=\"http:\/\/www.portalmantena.com.br\/novo\/wp-content\/uploads\/2018\/09\/no100918cultura.jpg\" alt=\"\" width=\"700\" height=\"450\" srcset=\"http:\/\/www.portalmantena.com.br\/novo\/wp-content\/uploads\/2018\/09\/no100918cultura.jpg 700w, http:\/\/www.portalmantena.com.br\/novo\/wp-content\/uploads\/2018\/09\/no100918cultura-300x193.jpg 300w, http:\/\/www.portalmantena.com.br\/novo\/wp-content\/uploads\/2018\/09\/no100918cultura-696x447.jpg 696w, http:\/\/www.portalmantena.com.br\/novo\/wp-content\/uploads\/2018\/09\/no100918cultura-653x420.jpg 653w\" sizes=\"(max-width: 700px) 100vw, 700px\" \/><\/a><\/p>\n<p><span style=\"font-size: 14pt;\">Come\u00e7aram nesta segunda-feira dia 10 de Setembro e v\u00e3o at\u00e9 a pr\u00f3xima quinta-feira dia 13, as inscri\u00e7\u00f5es para oficinas de dan\u00e7a Afro, Capacita\u00e7\u00e3o de Maestros e M\u00fasicos de Bandas e Fanfarras. <\/span><\/p>\n<p><span style=\"font-size: 14pt;\">A inscri\u00e7\u00e3o \u00e9 gratuita e pode ser feita na Semec, localizada no antigo Col\u00e9gio Santa Terezinha, ou na Casa da Cultura, em Barra de S\u00e3o Francisco. Lembrando que a faixa et\u00e1ria \u00e9 a partir dos 14 anos. <\/span><\/p>\n<p><span style=\"font-size: 14pt;\">Este projeto trata da Forma\u00e7\u00e3o e Capacita\u00e7\u00e3o em Atividades Culturais no Estado do Esp\u00edrito Santo. Para mais informa\u00e7\u00f5es ligue: (27) 99635- 2626 ou (27) 997644711.<\/span><\/p>\n<p><span style=\"font-size: 10pt;\">ESPA\u00c7O EMPRESARIAL<\/span><a href=\"https:\/\/www.facebook.com\/esteticistapatriciakarla?hc_ref=ARTRLla5NWzFR9As7pFhvjpUZM7NbqisWdJzWAYI0A3hB0_PPbvfdsWq2KrDLR_IF-8&amp;fref=nf\"><img loading=\"lazy\" class=\"alignnone size-full wp-image-34128\" src=\"http:\/\/www.portalmantena.com.br\/novo\/wp-content\/uploads\/2018\/05\/estetica010818.jpg\" alt=\"\" width=\"700\" height=\"150\" srcset=\"http:\/\/www.portalmantena.com.br\/novo\/wp-content\/uploads\/2018\/05\/estetica010818.jpg 700w, http:\/\/www.portalmantena.com.br\/novo\/wp-content\/uploads\/2018\/05\/estetica010818-300x64.jpg 300w, http:\/\/www.portalmantena.com.br\/novo\/wp-content\/uploads\/2018\/05\/estetica010818-696x150.jpg 696w\" sizes=\"(max-width: 700px) 100vw, 700px\" \/><\/a><\/p>\n","protected":false},"excerpt":{"rendered":"<p>Come\u00e7aram nesta segunda-feira dia 10 de Setembro e v\u00e3o at\u00e9 a pr\u00f3xima quinta-feira dia 13, as inscri\u00e7\u00f5es para oficinas de dan\u00e7a Afro, Capacita\u00e7\u00e3o de Maestros e M\u00fasicos de Bandas e Fanfarras. A inscri\u00e7\u00e3o \u00e9 gratuita e pode ser feita na Semec, localizada no antigo Col\u00e9gio Santa Terezinha, ou na Casa da Cultura, em Barra de [&hellip;]<\/p>\n","protected":false},"author":1,"featured_media":36713,"comment_status":"open","ping_status":"open","sticky":false,"template":"","format":"standard","meta":[],"categories":[69,39],"tags":[],"_links":{"self":[{"href":"http:\/\/www.portalmantena.com.br\/novo\/index.php?rest_route=\/wp\/v2\/posts\/36710"}],"collection":[{"href":"http:\/\/www.portalmantena.com.br\/novo\/index.php?rest_route=\/wp\/v2\/posts"}],"about":[{"href":"http:\/\/www.portalmantena.com.br\/novo\/index.php?rest_route=\/wp\/v2\/types\/post"}],"author":[{"embeddable":true,"href":"http:\/\/www.portalmantena.com.br\/novo\/index.php?rest_route=\/wp\/v2\/users\/1"}],"replies":[{"embeddable":true,"href":"http:\/\/www.portalmantena.com.br\/novo\/index.php?rest_route=%2Fwp%2Fv2%2Fcomments&post=36710"}],"version-history":[{"count":1,"href":"http:\/\/www.portalmantena.com.br\/novo\/index.php?rest_route=\/wp\/v2\/posts\/36710\/revisions"}],"predecessor-version":[{"id":36714,"href":"http:\/\/www.portalmantena.com.br\/novo\/index.php?rest_route=\/wp\/v2\/posts\/36710\/revisions\/36714"}],"wp:featuredmedia":[{"embeddable":true,"href":"http:\/\/www.portalmantena.com.br\/novo\/index.php?rest_route=\/wp\/v2\/media\/36713"}],"wp:attachment":[{"href":"http:\/\/www.portalmantena.com.br\/novo\/index.php?rest_route=%2Fwp%2Fv2%2Fmedia&parent=36710"}],"wp:term":[{"taxonomy":"category","embeddable":true,"href":"http:\/\/www.portalmantena.com.br\/novo\/index.php?rest_route=%2Fwp%2Fv2%2Fcategories&post=36710"},{"taxonomy":"post_tag","embeddable":true,"href":"http:\/\/www.portalmantena.com.br\/novo\/index.php?rest_route=%2Fwp%2Fv2%2Ftags&post=36710"}],"curies":[{"name":"wp","href":"https:\/\/api.w.org\/{rel}","templated":true}]}}