{"id":36696,"date":"2018-09-10T14:35:44","date_gmt":"2018-09-10T17:35:44","guid":{"rendered":"http:\/\/www.portalmantena.com.br\/novo\/?p=36696"},"modified":"2018-09-11T07:36:41","modified_gmt":"2018-09-11T10:36:41","slug":"comeca-hoje-o-1o-regional-de-futsal-infantil-em-mantena","status":"publish","type":"post","link":"http:\/\/www.portalmantena.com.br\/novo\/?p=36696","title":{"rendered":"Come\u00e7a o 1\u00ba Regional de Futsal Infantil em Mantena"},"content":{"rendered":"<p><a href=\"http:\/\/www.portalmantena.com.br\/novo\/wp-content\/uploads\/2018\/09\/no100918futebol.jpg\"><img loading=\"lazy\" class=\"alignnone size-full wp-image-36697\" src=\"http:\/\/www.portalmantena.com.br\/novo\/wp-content\/uploads\/2018\/09\/no100918futebol.jpg\" alt=\"\" width=\"700\" height=\"450\" srcset=\"http:\/\/www.portalmantena.com.br\/novo\/wp-content\/uploads\/2018\/09\/no100918futebol.jpg 700w, http:\/\/www.portalmantena.com.br\/novo\/wp-content\/uploads\/2018\/09\/no100918futebol-300x193.jpg 300w, http:\/\/www.portalmantena.com.br\/novo\/wp-content\/uploads\/2018\/09\/no100918futebol-696x447.jpg 696w, http:\/\/www.portalmantena.com.br\/novo\/wp-content\/uploads\/2018\/09\/no100918futebol-653x420.jpg 653w\" sizes=\"(max-width: 700px) 100vw, 700px\" \/><\/a><\/p>\n<p><span style=\"font-size: 14pt;\">Para os amantes do futsal, e ainda dos craques est\u00e3o surgindo na cidade e regi\u00e3o, vale a pena prestigiar a abertura do 1\u00ba Regional de Futsal Infantil, que inicia nesta segunda-feira dia 10 de Setembro com os jogos acontecendo a partir das 19 horas no Gin\u00e1sio Poliesportivo Raimundo Maria no bairro Vila Nova. <\/span><\/p>\n<p><span style=\"font-size: 14pt;\">A competi\u00e7\u00e3o ser\u00e1 disputada com a presen\u00e7a de 6 equipes divididas nas chaves A e B. Na chave A est\u00e3o os times do Projeto Clinica de Craques, Barra de S\u00e3o Francisco e Central de Minas, e na chave B: CEVIN, \u00c1gua Doce do Norte e Vargem Grande. <\/span><\/p>\n<p><span style=\"font-size: 14pt;\">Na abertura nesta segunda-feira, \u00e0s 19 horas jogam Projeto Clinica de Craques x Barra de S\u00e3o Francisco, nas categorias Sub 11, sub 13 e sub 15. Os jogos acontecer\u00e3o \u00e0s segundas, quartas e sextas-feiras. Participe, prestigie mais este evento esportivo em Mantena.<\/span><\/p>\n<p><span style=\"font-size: 10pt;\">ESPA\u00c7O EMPRESARIAL<\/span><a href=\"http:\/\/www.portalmantena.com.br\/novo\/wp-content\/uploads\/2018\/05\/postoterraboa.jpg\"><img loading=\"lazy\" class=\"alignnone size-full wp-image-29172\" src=\"http:\/\/www.portalmantena.com.br\/novo\/wp-content\/uploads\/2018\/05\/postoterraboa.jpg\" alt=\"\" width=\"700\" height=\"150\" srcset=\"http:\/\/www.portalmantena.com.br\/novo\/wp-content\/uploads\/2018\/05\/postoterraboa.jpg 700w, http:\/\/www.portalmantena.com.br\/novo\/wp-content\/uploads\/2018\/05\/postoterraboa-300x64.jpg 300w, http:\/\/www.portalmantena.com.br\/novo\/wp-content\/uploads\/2018\/05\/postoterraboa-696x150.jpg 696w\" sizes=\"(max-width: 700px) 100vw, 700px\" \/><\/a><\/p>\n","protected":false},"excerpt":{"rendered":"<p>Para os amantes do futsal, e ainda dos craques est\u00e3o surgindo na cidade e regi\u00e3o, vale a pena prestigiar a abertura do 1\u00ba Regional de Futsal Infantil, que inicia nesta segunda-feira dia 10 de Setembro com os jogos acontecendo a partir das 19 horas no Gin\u00e1sio Poliesportivo Raimundo Maria no bairro Vila Nova. A competi\u00e7\u00e3o [&hellip;]<\/p>\n","protected":false},"author":1,"featured_media":36697,"comment_status":"open","ping_status":"open","sticky":false,"template":"","format":"standard","meta":[],"categories":[22],"tags":[],"_links":{"self":[{"href":"http:\/\/www.portalmantena.com.br\/novo\/index.php?rest_route=\/wp\/v2\/posts\/36696"}],"collection":[{"href":"http:\/\/www.portalmantena.com.br\/novo\/index.php?rest_route=\/wp\/v2\/posts"}],"about":[{"href":"http:\/\/www.portalmantena.com.br\/novo\/index.php?rest_route=\/wp\/v2\/types\/post"}],"author":[{"embeddable":true,"href":"http:\/\/www.portalmantena.com.br\/novo\/index.php?rest_route=\/wp\/v2\/users\/1"}],"replies":[{"embeddable":true,"href":"http:\/\/www.portalmantena.com.br\/novo\/index.php?rest_route=%2Fwp%2Fv2%2Fcomments&post=36696"}],"version-history":[{"count":2,"href":"http:\/\/www.portalmantena.com.br\/novo\/index.php?rest_route=\/wp\/v2\/posts\/36696\/revisions"}],"predecessor-version":[{"id":36767,"href":"http:\/\/www.portalmantena.com.br\/novo\/index.php?rest_route=\/wp\/v2\/posts\/36696\/revisions\/36767"}],"wp:featuredmedia":[{"embeddable":true,"href":"http:\/\/www.portalmantena.com.br\/novo\/index.php?rest_route=\/wp\/v2\/media\/36697"}],"wp:attachment":[{"href":"http:\/\/www.portalmantena.com.br\/novo\/index.php?rest_route=%2Fwp%2Fv2%2Fmedia&parent=36696"}],"wp:term":[{"taxonomy":"category","embeddable":true,"href":"http:\/\/www.portalmantena.com.br\/novo\/index.php?rest_route=%2Fwp%2Fv2%2Fcategories&post=36696"},{"taxonomy":"post_tag","embeddable":true,"href":"http:\/\/www.portalmantena.com.br\/novo\/index.php?rest_route=%2Fwp%2Fv2%2Ftags&post=36696"}],"curies":[{"name":"wp","href":"https:\/\/api.w.org\/{rel}","templated":true}]}}