{"id":36668,"date":"2018-09-10T11:12:33","date_gmt":"2018-09-10T14:12:33","guid":{"rendered":"http:\/\/www.portalmantena.com.br\/novo\/?p=36668"},"modified":"2018-09-10T11:12:33","modified_gmt":"2018-09-10T14:12:33","slug":"mantenenses-participaram-do-7-de-setembro-em-agua-doce","status":"publish","type":"post","link":"http:\/\/www.portalmantena.com.br\/novo\/?p=36668","title":{"rendered":"Mantenenses participaram do 7 de Setembro em \u00c1gua Doce"},"content":{"rendered":"<p><a href=\"http:\/\/www.portalmantena.com.br\/novo\/wp-content\/uploads\/2018\/09\/no100918desfile1.jpg\"><img loading=\"lazy\" class=\"alignnone size-full wp-image-36669\" src=\"http:\/\/www.portalmantena.com.br\/novo\/wp-content\/uploads\/2018\/09\/no100918desfile1.jpg\" alt=\"\" width=\"700\" height=\"450\" srcset=\"http:\/\/www.portalmantena.com.br\/novo\/wp-content\/uploads\/2018\/09\/no100918desfile1.jpg 700w, http:\/\/www.portalmantena.com.br\/novo\/wp-content\/uploads\/2018\/09\/no100918desfile1-300x193.jpg 300w, http:\/\/www.portalmantena.com.br\/novo\/wp-content\/uploads\/2018\/09\/no100918desfile1-696x447.jpg 696w, http:\/\/www.portalmantena.com.br\/novo\/wp-content\/uploads\/2018\/09\/no100918desfile1-653x420.jpg 653w\" sizes=\"(max-width: 700px) 100vw, 700px\" \/><\/a><\/p>\n<p><span style=\"font-size: 14pt;\">O desfile C\u00edvico de 7 de Setembro tamb\u00e9m foi marcante na cidade capixaba de \u00c1gua Doce do Norte e aconteceu na quinta-feira dia 6 de Setembro, contanto com a presen\u00e7a da Guarda Mirim de Mantena, Os Desbravadores e da Banda Marcial Municipal de Mantena. <\/span><\/p>\n<p><span style=\"font-size: 14pt;\">Foram momentos de muito entusiasmo, dedica\u00e7\u00e3o e alegria das escolas e entidades que desfilaram na avenida mostrando sua hist\u00f3ria e o patriotismo. <\/span><\/p>\n<p><span style=\"font-size: 14pt;\">A Guarda Mirim de Mantena, os Desbravadores da Igreja Adventista de Mantena e a Banda Marcial tamb\u00e9m foram destaques nas comemora\u00e7\u00f5es daquele munic\u00edpio.<\/span><\/p>\n<p><a href=\"http:\/\/www.portalmantena.com.br\/novo\/wp-content\/uploads\/2018\/09\/no100918desfile2.jpg\"><img loading=\"lazy\" class=\"alignnone size-full wp-image-36670\" src=\"http:\/\/www.portalmantena.com.br\/novo\/wp-content\/uploads\/2018\/09\/no100918desfile2.jpg\" alt=\"\" width=\"700\" height=\"450\" srcset=\"http:\/\/www.portalmantena.com.br\/novo\/wp-content\/uploads\/2018\/09\/no100918desfile2.jpg 700w, http:\/\/www.portalmantena.com.br\/novo\/wp-content\/uploads\/2018\/09\/no100918desfile2-300x193.jpg 300w, http:\/\/www.portalmantena.com.br\/novo\/wp-content\/uploads\/2018\/09\/no100918desfile2-696x447.jpg 696w, http:\/\/www.portalmantena.com.br\/novo\/wp-content\/uploads\/2018\/09\/no100918desfile2-653x420.jpg 653w\" sizes=\"(max-width: 700px) 100vw, 700px\" \/><\/a> <a href=\"http:\/\/www.portalmantena.com.br\/novo\/wp-content\/uploads\/2018\/09\/no100918desfile3.jpg\"><img loading=\"lazy\" class=\"alignnone size-full wp-image-36671\" src=\"http:\/\/www.portalmantena.com.br\/novo\/wp-content\/uploads\/2018\/09\/no100918desfile3.jpg\" alt=\"\" width=\"700\" height=\"450\" srcset=\"http:\/\/www.portalmantena.com.br\/novo\/wp-content\/uploads\/2018\/09\/no100918desfile3.jpg 700w, http:\/\/www.portalmantena.com.br\/novo\/wp-content\/uploads\/2018\/09\/no100918desfile3-300x193.jpg 300w, http:\/\/www.portalmantena.com.br\/novo\/wp-content\/uploads\/2018\/09\/no100918desfile3-696x447.jpg 696w, http:\/\/www.portalmantena.com.br\/novo\/wp-content\/uploads\/2018\/09\/no100918desfile3-653x420.jpg 653w\" sizes=\"(max-width: 700px) 100vw, 700px\" \/><\/a> <a href=\"http:\/\/www.portalmantena.com.br\/novo\/wp-content\/uploads\/2018\/09\/no100918desfile4.jpg\"><img loading=\"lazy\" class=\"alignnone size-full wp-image-36672\" src=\"http:\/\/www.portalmantena.com.br\/novo\/wp-content\/uploads\/2018\/09\/no100918desfile4.jpg\" alt=\"\" width=\"700\" height=\"450\" srcset=\"http:\/\/www.portalmantena.com.br\/novo\/wp-content\/uploads\/2018\/09\/no100918desfile4.jpg 700w, http:\/\/www.portalmantena.com.br\/novo\/wp-content\/uploads\/2018\/09\/no100918desfile4-300x193.jpg 300w, http:\/\/www.portalmantena.com.br\/novo\/wp-content\/uploads\/2018\/09\/no100918desfile4-696x447.jpg 696w, http:\/\/www.portalmantena.com.br\/novo\/wp-content\/uploads\/2018\/09\/no100918desfile4-653x420.jpg 653w\" sizes=\"(max-width: 700px) 100vw, 700px\" \/><\/a> <a href=\"http:\/\/www.portalmantena.com.br\/novo\/wp-content\/uploads\/2018\/09\/no100918desfile5.jpg\"><img loading=\"lazy\" class=\"alignnone size-full wp-image-36673\" src=\"http:\/\/www.portalmantena.com.br\/novo\/wp-content\/uploads\/2018\/09\/no100918desfile5.jpg\" alt=\"\" width=\"700\" height=\"450\" srcset=\"http:\/\/www.portalmantena.com.br\/novo\/wp-content\/uploads\/2018\/09\/no100918desfile5.jpg 700w, http:\/\/www.portalmantena.com.br\/novo\/wp-content\/uploads\/2018\/09\/no100918desfile5-300x193.jpg 300w, http:\/\/www.portalmantena.com.br\/novo\/wp-content\/uploads\/2018\/09\/no100918desfile5-696x447.jpg 696w, http:\/\/www.portalmantena.com.br\/novo\/wp-content\/uploads\/2018\/09\/no100918desfile5-653x420.jpg 653w\" sizes=\"(max-width: 700px) 100vw, 700px\" \/><\/a><\/p>\n<p><span style=\"font-size: 10pt;\">ESPA\u00c7O EMPRESARIAL<\/span><a href=\"https:\/\/www.facebook.com\/Tekol-Basic-1148561818529027\/\"><img src=\"http:\/\/www.portalmantena.com.br\/novo\/wp-content\/uploads\/2018\/08\/tekol210818b-1.jpg\" \/><\/a><\/p>\n","protected":false},"excerpt":{"rendered":"<p>O desfile C\u00edvico de 7 de Setembro tamb\u00e9m foi marcante na cidade capixaba de \u00c1gua Doce do Norte e aconteceu na quinta-feira dia 6 de Setembro, contanto com a presen\u00e7a da Guarda Mirim de Mantena, Os Desbravadores e da Banda Marcial Municipal de Mantena. Foram momentos de muito entusiasmo, dedica\u00e7\u00e3o e alegria das escolas e [&hellip;]<\/p>\n","protected":false},"author":1,"featured_media":36669,"comment_status":"open","ping_status":"open","sticky":false,"template":"","format":"standard","meta":[],"categories":[36,11,39],"tags":[],"_links":{"self":[{"href":"http:\/\/www.portalmantena.com.br\/novo\/index.php?rest_route=\/wp\/v2\/posts\/36668"}],"collection":[{"href":"http:\/\/www.portalmantena.com.br\/novo\/index.php?rest_route=\/wp\/v2\/posts"}],"about":[{"href":"http:\/\/www.portalmantena.com.br\/novo\/index.php?rest_route=\/wp\/v2\/types\/post"}],"author":[{"embeddable":true,"href":"http:\/\/www.portalmantena.com.br\/novo\/index.php?rest_route=\/wp\/v2\/users\/1"}],"replies":[{"embeddable":true,"href":"http:\/\/www.portalmantena.com.br\/novo\/index.php?rest_route=%2Fwp%2Fv2%2Fcomments&post=36668"}],"version-history":[{"count":1,"href":"http:\/\/www.portalmantena.com.br\/novo\/index.php?rest_route=\/wp\/v2\/posts\/36668\/revisions"}],"predecessor-version":[{"id":36674,"href":"http:\/\/www.portalmantena.com.br\/novo\/index.php?rest_route=\/wp\/v2\/posts\/36668\/revisions\/36674"}],"wp:featuredmedia":[{"embeddable":true,"href":"http:\/\/www.portalmantena.com.br\/novo\/index.php?rest_route=\/wp\/v2\/media\/36669"}],"wp:attachment":[{"href":"http:\/\/www.portalmantena.com.br\/novo\/index.php?rest_route=%2Fwp%2Fv2%2Fmedia&parent=36668"}],"wp:term":[{"taxonomy":"category","embeddable":true,"href":"http:\/\/www.portalmantena.com.br\/novo\/index.php?rest_route=%2Fwp%2Fv2%2Fcategories&post=36668"},{"taxonomy":"post_tag","embeddable":true,"href":"http:\/\/www.portalmantena.com.br\/novo\/index.php?rest_route=%2Fwp%2Fv2%2Ftags&post=36668"}],"curies":[{"name":"wp","href":"https:\/\/api.w.org\/{rel}","templated":true}]}}