{"id":36657,"date":"2018-09-10T10:27:44","date_gmt":"2018-09-10T13:27:44","guid":{"rendered":"http:\/\/www.portalmantena.com.br\/novo\/?p=36657"},"modified":"2018-09-10T10:27:44","modified_gmt":"2018-09-10T13:27:44","slug":"morreu-glorinha-a-conhecida-professora-de-ciencias","status":"publish","type":"post","link":"http:\/\/www.portalmantena.com.br\/novo\/?p=36657","title":{"rendered":"Morreu Glorinha, a conhecida professora de Ci\u00eancias"},"content":{"rendered":"<p><a href=\"http:\/\/www.portalmantena.com.br\/novo\/wp-content\/uploads\/2018\/09\/no100918glorinha.jpg\"><img loading=\"lazy\" class=\"alignnone size-full wp-image-36658\" src=\"http:\/\/www.portalmantena.com.br\/novo\/wp-content\/uploads\/2018\/09\/no100918glorinha.jpg\" alt=\"\" width=\"700\" height=\"450\" srcset=\"http:\/\/www.portalmantena.com.br\/novo\/wp-content\/uploads\/2018\/09\/no100918glorinha.jpg 700w, http:\/\/www.portalmantena.com.br\/novo\/wp-content\/uploads\/2018\/09\/no100918glorinha-300x193.jpg 300w, http:\/\/www.portalmantena.com.br\/novo\/wp-content\/uploads\/2018\/09\/no100918glorinha-696x447.jpg 696w, http:\/\/www.portalmantena.com.br\/novo\/wp-content\/uploads\/2018\/09\/no100918glorinha-653x420.jpg 653w\" sizes=\"(max-width: 700px) 100vw, 700px\" \/><\/a><\/p>\n<p><span style=\"font-size: 14pt;\">\u00c9 com pesar que comunicamos o falecimento de Glorinha Scotta Melo, a conhecida professora de Ci\u00eancias da Escola Estadual em Mantena (Antigo Polivalente). Segundo informa\u00e7\u00f5es, Glorinha estava com a sa\u00fade debilitada realizando tratamento contra um c\u00e2ncer. <\/span><\/p>\n<p><span style=\"font-size: 14pt;\">Seu corpo foi velado no Cemit\u00e9rio Memorial Park na cidade de Governador Valadares, e o sepultamento aconteceu na tarde deste domingo dia 09 de Setembro, \u00e0s 18 horas. <\/span><\/p>\n<p><span style=\"font-size: 14pt;\">Os filhos Lucas e Linara, e demais familiares agradecem a todos que compareceram a este momento de despedida. <\/span><\/p>\n<p><span style=\"font-size: 14pt;\">Glorinha \u00e9 muito querida em Mantena onde ficou marcada pelo seu estilo de ensinar, muito capacitada e alegre, ensinando sempre com prazer e dedica\u00e7\u00e3o, respons\u00e1vel sem d\u00favida pela forma\u00e7\u00e3o do car\u00e1ter de v\u00e1rios alunos, sempre cativando amigos. <\/span><\/p>\n<p><span style=\"font-size: 14pt;\">Os mantenenses est\u00e3o tristes por esta perda, assim como n\u00f3s da reda\u00e7\u00e3o do portalmantena e toda uma gera\u00e7\u00e3o que recebeu seu ensinamentos na sala de aula. Aproveitamos a oportunidade para externar os sentimentos \u00e0 fam\u00edlia enlutada.<\/span><\/p>\n","protected":false},"excerpt":{"rendered":"<p>\u00c9 com pesar que comunicamos o falecimento de Glorinha Scotta Melo, a conhecida professora de Ci\u00eancias da Escola Estadual em Mantena (Antigo Polivalente). Segundo informa\u00e7\u00f5es, Glorinha estava com a sa\u00fade debilitada realizando tratamento contra um c\u00e2ncer. Seu corpo foi velado no Cemit\u00e9rio Memorial Park na cidade de Governador Valadares, e o sepultamento aconteceu na tarde [&hellip;]<\/p>\n","protected":false},"author":1,"featured_media":36658,"comment_status":"open","ping_status":"open","sticky":false,"template":"","format":"standard","meta":[],"categories":[36,11],"tags":[],"_links":{"self":[{"href":"http:\/\/www.portalmantena.com.br\/novo\/index.php?rest_route=\/wp\/v2\/posts\/36657"}],"collection":[{"href":"http:\/\/www.portalmantena.com.br\/novo\/index.php?rest_route=\/wp\/v2\/posts"}],"about":[{"href":"http:\/\/www.portalmantena.com.br\/novo\/index.php?rest_route=\/wp\/v2\/types\/post"}],"author":[{"embeddable":true,"href":"http:\/\/www.portalmantena.com.br\/novo\/index.php?rest_route=\/wp\/v2\/users\/1"}],"replies":[{"embeddable":true,"href":"http:\/\/www.portalmantena.com.br\/novo\/index.php?rest_route=%2Fwp%2Fv2%2Fcomments&post=36657"}],"version-history":[{"count":1,"href":"http:\/\/www.portalmantena.com.br\/novo\/index.php?rest_route=\/wp\/v2\/posts\/36657\/revisions"}],"predecessor-version":[{"id":36659,"href":"http:\/\/www.portalmantena.com.br\/novo\/index.php?rest_route=\/wp\/v2\/posts\/36657\/revisions\/36659"}],"wp:featuredmedia":[{"embeddable":true,"href":"http:\/\/www.portalmantena.com.br\/novo\/index.php?rest_route=\/wp\/v2\/media\/36658"}],"wp:attachment":[{"href":"http:\/\/www.portalmantena.com.br\/novo\/index.php?rest_route=%2Fwp%2Fv2%2Fmedia&parent=36657"}],"wp:term":[{"taxonomy":"category","embeddable":true,"href":"http:\/\/www.portalmantena.com.br\/novo\/index.php?rest_route=%2Fwp%2Fv2%2Fcategories&post=36657"},{"taxonomy":"post_tag","embeddable":true,"href":"http:\/\/www.portalmantena.com.br\/novo\/index.php?rest_route=%2Fwp%2Fv2%2Ftags&post=36657"}],"curies":[{"name":"wp","href":"https:\/\/api.w.org\/{rel}","templated":true}]}}