{"id":36538,"date":"2018-09-06T15:22:54","date_gmt":"2018-09-06T18:22:54","guid":{"rendered":"http:\/\/www.portalmantena.com.br\/novo\/?p=36538"},"modified":"2018-09-06T15:22:54","modified_gmt":"2018-09-06T18:22:54","slug":"7a-formatura-da-guarda-mirim-neste-7-de-setembro-em-mantena","status":"publish","type":"post","link":"http:\/\/www.portalmantena.com.br\/novo\/?p=36538","title":{"rendered":"7\u00aa Formatura da Guarda Mirim neste 7 de Setembro em Mantena"},"content":{"rendered":"<p><a href=\"http:\/\/www.portalmantena.com.br\/novo\/wp-content\/uploads\/2018\/09\/no060918convite.jpg\"><img loading=\"lazy\" class=\"alignnone size-full wp-image-36539\" src=\"http:\/\/www.portalmantena.com.br\/novo\/wp-content\/uploads\/2018\/09\/no060918convite.jpg\" alt=\"\" width=\"700\" height=\"450\" srcset=\"http:\/\/www.portalmantena.com.br\/novo\/wp-content\/uploads\/2018\/09\/no060918convite.jpg 700w, http:\/\/www.portalmantena.com.br\/novo\/wp-content\/uploads\/2018\/09\/no060918convite-300x193.jpg 300w, http:\/\/www.portalmantena.com.br\/novo\/wp-content\/uploads\/2018\/09\/no060918convite-696x447.jpg 696w, http:\/\/www.portalmantena.com.br\/novo\/wp-content\/uploads\/2018\/09\/no060918convite-653x420.jpg 653w\" sizes=\"(max-width: 700px) 100vw, 700px\" \/><\/a><\/p>\n<p><span style=\"font-size: 14pt;\">O diretor da Associa\u00e7\u00e3o Guarda Mirim de Mantena, Sub tenente Wender Ferreira da Silva, convida a popula\u00e7\u00e3o mantenense para participar de um belo evento que acontecer\u00e1 na manh\u00e3 desta sexta-feira dia 7 de Setembro, na avenida Jos\u00e9 Mol no centro da cidade de Mantena. <\/span><\/p>\n<p><span style=\"font-size: 14pt;\">Na ocasi\u00e3o acontecer\u00e1 a Formatura da S\u00e9tima Turma da Guarda Mirim de Mantena, evento que tem hor\u00e1rio previsto para iniciar por volta das 8h30&#8242; em frente ao Palanque Oficial. <\/span><\/p>\n<p><span style=\"font-size: 14pt;\">Participe deste momento especial para a dire\u00e7\u00e3o e alunos da Guarda Mirim, uma Associa\u00e7\u00e3o que tem feito a diferen\u00e7a na cidade, com o objetivo de formar futuros cidad\u00e3os.\u00a0<\/span><\/p>\n<p><span style=\"font-size: 10pt;\">ESPA\u00c7O EMPRESARIAL<\/span><a href=\"http:\/\/www.portalmantena.com.br\/novo\/?p=16284\"><img loading=\"lazy\" class=\"alignnone size-full wp-image-29167\" src=\"http:\/\/www.portalmantena.com.br\/novo\/wp-content\/uploads\/2018\/05\/honcafaixa.jpg\" alt=\"\" width=\"700\" height=\"150\" srcset=\"http:\/\/www.portalmantena.com.br\/novo\/wp-content\/uploads\/2018\/05\/honcafaixa.jpg 700w, http:\/\/www.portalmantena.com.br\/novo\/wp-content\/uploads\/2018\/05\/honcafaixa-300x64.jpg 300w, http:\/\/www.portalmantena.com.br\/novo\/wp-content\/uploads\/2018\/05\/honcafaixa-696x150.jpg 696w\" sizes=\"(max-width: 700px) 100vw, 700px\" \/><\/a><\/p>\n","protected":false},"excerpt":{"rendered":"<p>O diretor da Associa\u00e7\u00e3o Guarda Mirim de Mantena, Sub tenente Wender Ferreira da Silva, convida a popula\u00e7\u00e3o mantenense para participar de um belo evento que acontecer\u00e1 na manh\u00e3 desta sexta-feira dia 7 de Setembro, na avenida Jos\u00e9 Mol no centro da cidade de Mantena. Na ocasi\u00e3o acontecer\u00e1 a Formatura da S\u00e9tima Turma da Guarda Mirim [&hellip;]<\/p>\n","protected":false},"author":1,"featured_media":36539,"comment_status":"open","ping_status":"open","sticky":false,"template":"","format":"standard","meta":[],"categories":[36,12],"tags":[],"_links":{"self":[{"href":"http:\/\/www.portalmantena.com.br\/novo\/index.php?rest_route=\/wp\/v2\/posts\/36538"}],"collection":[{"href":"http:\/\/www.portalmantena.com.br\/novo\/index.php?rest_route=\/wp\/v2\/posts"}],"about":[{"href":"http:\/\/www.portalmantena.com.br\/novo\/index.php?rest_route=\/wp\/v2\/types\/post"}],"author":[{"embeddable":true,"href":"http:\/\/www.portalmantena.com.br\/novo\/index.php?rest_route=\/wp\/v2\/users\/1"}],"replies":[{"embeddable":true,"href":"http:\/\/www.portalmantena.com.br\/novo\/index.php?rest_route=%2Fwp%2Fv2%2Fcomments&post=36538"}],"version-history":[{"count":1,"href":"http:\/\/www.portalmantena.com.br\/novo\/index.php?rest_route=\/wp\/v2\/posts\/36538\/revisions"}],"predecessor-version":[{"id":36540,"href":"http:\/\/www.portalmantena.com.br\/novo\/index.php?rest_route=\/wp\/v2\/posts\/36538\/revisions\/36540"}],"wp:featuredmedia":[{"embeddable":true,"href":"http:\/\/www.portalmantena.com.br\/novo\/index.php?rest_route=\/wp\/v2\/media\/36539"}],"wp:attachment":[{"href":"http:\/\/www.portalmantena.com.br\/novo\/index.php?rest_route=%2Fwp%2Fv2%2Fmedia&parent=36538"}],"wp:term":[{"taxonomy":"category","embeddable":true,"href":"http:\/\/www.portalmantena.com.br\/novo\/index.php?rest_route=%2Fwp%2Fv2%2Fcategories&post=36538"},{"taxonomy":"post_tag","embeddable":true,"href":"http:\/\/www.portalmantena.com.br\/novo\/index.php?rest_route=%2Fwp%2Fv2%2Ftags&post=36538"}],"curies":[{"name":"wp","href":"https:\/\/api.w.org\/{rel}","templated":true}]}}