{"id":36494,"date":"2018-09-06T08:29:37","date_gmt":"2018-09-06T11:29:37","guid":{"rendered":"http:\/\/www.portalmantena.com.br\/novo\/?p=36494"},"modified":"2018-09-06T11:30:10","modified_gmt":"2018-09-06T14:30:10","slug":"cafe-bonzon-tambem-na-avenida-no-sete-de-setembro","status":"publish","type":"post","link":"http:\/\/www.portalmantena.com.br\/novo\/?p=36494","title":{"rendered":"Caf\u00e9 Bonzon tamb\u00e9m na avenida no Sete de Setembro"},"content":{"rendered":"<p><a href=\"http:\/\/www.portalmantena.com.br\/novo\/wp-content\/uploads\/2018\/09\/vi060918cafe.jpg\"><img loading=\"lazy\" class=\"alignnone size-full wp-image-36495\" src=\"http:\/\/www.portalmantena.com.br\/novo\/wp-content\/uploads\/2018\/09\/vi060918cafe.jpg\" alt=\"\" width=\"700\" height=\"450\" srcset=\"http:\/\/www.portalmantena.com.br\/novo\/wp-content\/uploads\/2018\/09\/vi060918cafe.jpg 700w, http:\/\/www.portalmantena.com.br\/novo\/wp-content\/uploads\/2018\/09\/vi060918cafe-300x193.jpg 300w, http:\/\/www.portalmantena.com.br\/novo\/wp-content\/uploads\/2018\/09\/vi060918cafe-696x447.jpg 696w, http:\/\/www.portalmantena.com.br\/novo\/wp-content\/uploads\/2018\/09\/vi060918cafe-653x420.jpg 653w\" sizes=\"(max-width: 700px) 100vw, 700px\" \/><\/a><\/p>\n<p><span style=\"font-size: 14pt;\">Uma das marcas de Caf\u00e9 que est\u00e1 se tornando a cada dia mais conhecida na regi\u00e3o \u00e9 o Caf\u00e9 Bonzon, um produto que vem sendo refer\u00eancia e consumido mais e mais a cada dia em fun\u00e7\u00e3o de sua qualidade. <\/span><\/p>\n<p><span style=\"font-size: 14pt;\">E na avenida Jos\u00e9 Mol, nas comemora\u00e7\u00f5es da Semana C\u00edvica, o Caf\u00e9 Bonzon tamb\u00e9m estava presente. <\/span><\/p>\n<p><span style=\"font-size: 14pt;\">A marca foi convidada a participar no bloco das empresas, onde o Supermercado Valente levou <\/span><span style=\"font-size: 14pt;\">a novidade Caf\u00e9 Mo\u00eddo da HORA, onde o Caf\u00e9 Bonzon foi destaque mais uma vez.<\/span><\/p>\n<p><span style=\"font-size: 10pt;\">ESPA\u00c7O EMPRESARIAL<\/span><a href=\"http:\/\/www.portalmantena.com.br\/novo\/wp-content\/uploads\/2018\/05\/cafebonzonfaixa.jpg\"><img loading=\"lazy\" class=\"alignnone size-full wp-image-29162\" src=\"http:\/\/www.portalmantena.com.br\/novo\/wp-content\/uploads\/2018\/05\/cafebonzonfaixa.jpg\" alt=\"\" width=\"700\" height=\"150\" srcset=\"http:\/\/www.portalmantena.com.br\/novo\/wp-content\/uploads\/2018\/05\/cafebonzonfaixa.jpg 700w, http:\/\/www.portalmantena.com.br\/novo\/wp-content\/uploads\/2018\/05\/cafebonzonfaixa-300x64.jpg 300w, http:\/\/www.portalmantena.com.br\/novo\/wp-content\/uploads\/2018\/05\/cafebonzonfaixa-696x150.jpg 696w\" sizes=\"(max-width: 700px) 100vw, 700px\" \/><\/a><\/p>\n","protected":false},"excerpt":{"rendered":"<p>Uma das marcas de Caf\u00e9 que est\u00e1 se tornando a cada dia mais conhecida na regi\u00e3o \u00e9 o Caf\u00e9 Bonzon, um produto que vem sendo refer\u00eancia e consumido mais e mais a cada dia em fun\u00e7\u00e3o de sua qualidade. E na avenida Jos\u00e9 Mol, nas comemora\u00e7\u00f5es da Semana C\u00edvica, o Caf\u00e9 Bonzon tamb\u00e9m estava presente. [&hellip;]<\/p>\n","protected":false},"author":1,"featured_media":36495,"comment_status":"open","ping_status":"open","sticky":false,"template":"","format":"standard","meta":[],"categories":[7],"tags":[],"_links":{"self":[{"href":"http:\/\/www.portalmantena.com.br\/novo\/index.php?rest_route=\/wp\/v2\/posts\/36494"}],"collection":[{"href":"http:\/\/www.portalmantena.com.br\/novo\/index.php?rest_route=\/wp\/v2\/posts"}],"about":[{"href":"http:\/\/www.portalmantena.com.br\/novo\/index.php?rest_route=\/wp\/v2\/types\/post"}],"author":[{"embeddable":true,"href":"http:\/\/www.portalmantena.com.br\/novo\/index.php?rest_route=\/wp\/v2\/users\/1"}],"replies":[{"embeddable":true,"href":"http:\/\/www.portalmantena.com.br\/novo\/index.php?rest_route=%2Fwp%2Fv2%2Fcomments&post=36494"}],"version-history":[{"count":1,"href":"http:\/\/www.portalmantena.com.br\/novo\/index.php?rest_route=\/wp\/v2\/posts\/36494\/revisions"}],"predecessor-version":[{"id":36496,"href":"http:\/\/www.portalmantena.com.br\/novo\/index.php?rest_route=\/wp\/v2\/posts\/36494\/revisions\/36496"}],"wp:featuredmedia":[{"embeddable":true,"href":"http:\/\/www.portalmantena.com.br\/novo\/index.php?rest_route=\/wp\/v2\/media\/36495"}],"wp:attachment":[{"href":"http:\/\/www.portalmantena.com.br\/novo\/index.php?rest_route=%2Fwp%2Fv2%2Fmedia&parent=36494"}],"wp:term":[{"taxonomy":"category","embeddable":true,"href":"http:\/\/www.portalmantena.com.br\/novo\/index.php?rest_route=%2Fwp%2Fv2%2Fcategories&post=36494"},{"taxonomy":"post_tag","embeddable":true,"href":"http:\/\/www.portalmantena.com.br\/novo\/index.php?rest_route=%2Fwp%2Fv2%2Ftags&post=36494"}],"curies":[{"name":"wp","href":"https:\/\/api.w.org\/{rel}","templated":true}]}}