{"id":3647,"date":"2017-03-28T08:49:02","date_gmt":"2017-03-28T11:49:02","guid":{"rendered":"http:\/\/www.portalmantena.com.br\/novo\/?p=3647"},"modified":"2017-03-28T08:49:02","modified_gmt":"2017-03-28T11:49:02","slug":"rapaz-e-surpreendido-e-esfaqueado-na-praca-em-frente-ao-forum-em-baixo-guandu","status":"publish","type":"post","link":"http:\/\/www.portalmantena.com.br\/novo\/?p=3647","title":{"rendered":"Rapaz \u00e9 surpreendido e esfaqueado na pra\u00e7a em frente ao F\u00f3rum em Baixo Guandu"},"content":{"rendered":"<p><span style=\"font-size: 14pt;\">Um rapaz de 19 anos foi v\u00edtima de uma tentativa de homic\u00eddio na tarde desta segunda-feira (27), em frente ao f\u00f3rum, que fica localizado na Avenida Carlos de Medeiros, no Centro da cidade de Baixo Guandu. <\/span><\/p>\n<p><span style=\"font-size: 14pt;\">De acordo com informa\u00e7\u00f5es, a v\u00edtima chegou na pra\u00e7a S\u00e3o Pedro e ao cumprimentar alguns amigos foi surpreendido pelo suspeito, que desferiu uma facada e empurrou a v\u00edtima ao ch\u00e3o. Mesmo ferido, o rapaz conseguiu correr at\u00e9 o f\u00f3rum e pedir ajuda \u00e0 Pol\u00edcia Militar. <\/span><\/p>\n<p><span style=\"font-size: 14pt;\">Buscas foram feitas nas imedia\u00e7\u00f5es, mas o suspeito n\u00e3o foi localizado. A v\u00edtima foi socorrida para o pronto-socorro local e passa bem. (fonte:portalguandu)<\/span><\/p>\n","protected":false},"excerpt":{"rendered":"<p>Um rapaz de 19 anos foi v\u00edtima de uma tentativa de homic\u00eddio na tarde desta segunda-feira (27), em frente ao f\u00f3rum, que fica localizado na Avenida Carlos de Medeiros, no Centro da cidade de Baixo Guandu. De acordo com informa\u00e7\u00f5es, a v\u00edtima chegou na pra\u00e7a S\u00e3o Pedro e ao cumprimentar alguns amigos foi surpreendido pelo [&hellip;]<\/p>\n","protected":false},"author":1,"featured_media":0,"comment_status":"open","ping_status":"open","sticky":false,"template":"","format":"standard","meta":[],"categories":[24],"tags":[],"_links":{"self":[{"href":"http:\/\/www.portalmantena.com.br\/novo\/index.php?rest_route=\/wp\/v2\/posts\/3647"}],"collection":[{"href":"http:\/\/www.portalmantena.com.br\/novo\/index.php?rest_route=\/wp\/v2\/posts"}],"about":[{"href":"http:\/\/www.portalmantena.com.br\/novo\/index.php?rest_route=\/wp\/v2\/types\/post"}],"author":[{"embeddable":true,"href":"http:\/\/www.portalmantena.com.br\/novo\/index.php?rest_route=\/wp\/v2\/users\/1"}],"replies":[{"embeddable":true,"href":"http:\/\/www.portalmantena.com.br\/novo\/index.php?rest_route=%2Fwp%2Fv2%2Fcomments&post=3647"}],"version-history":[{"count":1,"href":"http:\/\/www.portalmantena.com.br\/novo\/index.php?rest_route=\/wp\/v2\/posts\/3647\/revisions"}],"predecessor-version":[{"id":3648,"href":"http:\/\/www.portalmantena.com.br\/novo\/index.php?rest_route=\/wp\/v2\/posts\/3647\/revisions\/3648"}],"wp:attachment":[{"href":"http:\/\/www.portalmantena.com.br\/novo\/index.php?rest_route=%2Fwp%2Fv2%2Fmedia&parent=3647"}],"wp:term":[{"taxonomy":"category","embeddable":true,"href":"http:\/\/www.portalmantena.com.br\/novo\/index.php?rest_route=%2Fwp%2Fv2%2Fcategories&post=3647"},{"taxonomy":"post_tag","embeddable":true,"href":"http:\/\/www.portalmantena.com.br\/novo\/index.php?rest_route=%2Fwp%2Fv2%2Ftags&post=3647"}],"curies":[{"name":"wp","href":"https:\/\/api.w.org\/{rel}","templated":true}]}}