{"id":36460,"date":"2018-09-07T09:58:02","date_gmt":"2018-09-07T12:58:02","guid":{"rendered":"http:\/\/www.portalmantena.com.br\/novo\/?p=36460"},"modified":"2018-09-06T08:59:30","modified_gmt":"2018-09-06T11:59:30","slug":"pm-prende-rapaz-que-estava-com-revolver-na-cintura","status":"publish","type":"post","link":"http:\/\/www.portalmantena.com.br\/novo\/?p=36460","title":{"rendered":"PM prende rapaz que estava com rev\u00f3lver na cintura"},"content":{"rendered":"<p><a href=\"http:\/\/www.portalmantena.com.br\/novo\/wp-content\/uploads\/2018\/09\/no060918arma2.jpg\"><img loading=\"lazy\" class=\"alignnone size-full wp-image-36461\" src=\"http:\/\/www.portalmantena.com.br\/novo\/wp-content\/uploads\/2018\/09\/no060918arma2.jpg\" alt=\"\" width=\"700\" height=\"450\" srcset=\"http:\/\/www.portalmantena.com.br\/novo\/wp-content\/uploads\/2018\/09\/no060918arma2.jpg 700w, http:\/\/www.portalmantena.com.br\/novo\/wp-content\/uploads\/2018\/09\/no060918arma2-300x193.jpg 300w, http:\/\/www.portalmantena.com.br\/novo\/wp-content\/uploads\/2018\/09\/no060918arma2-696x447.jpg 696w, http:\/\/www.portalmantena.com.br\/novo\/wp-content\/uploads\/2018\/09\/no060918arma2-653x420.jpg 653w\" sizes=\"(max-width: 700px) 100vw, 700px\" \/><\/a><\/p>\n<p><span style=\"font-size: 14pt;\">Na manh\u00e3 desta segunda-feira (03), policiais militares do 13\u00ba Batalh\u00e3o apreenderam um rev\u00f3lver calibre 38 com cinco muni\u00e7\u00f5es e prenderam uma pessoa por porte ilegal de arma de fogo. A a\u00e7\u00e3o foi realizada no bairro Seac, na cidade de S\u00e3o Mateus. <\/span><\/p>\n<p><span style=\"font-size: 14pt;\">Ap\u00f3s informa\u00e7\u00e3o do Servi\u00e7o de Intelig\u00eancia relatando que um rapaz estaria portando uma arma de fogo no bairro Seac, foram realizadas buscas pelo local at\u00e9 encontrar o suspeito. <\/span><\/p>\n<p><span style=\"font-size: 14pt;\">Na cintura do suspeito, de 21 anos, foi encontrado um rev\u00f3lver com a numera\u00e7\u00e3o raspada. O rapaz foi detido e conduzido ao departamento policial juntamente com a arma e as muni\u00e7\u00f5es apreendidas. (fonte\/foto:PM).<\/span><\/p>\n<p><span style=\"font-size: 10pt;\">ESPA\u00c7O EMPRESARIAL<\/span><img loading=\"lazy\" class=\"alignnone size-full wp-image-30339\" src=\"http:\/\/www.portalmantena.com.br\/novo\/wp-content\/uploads\/2018\/05\/casadastintas.jpg\" alt=\"\" width=\"700\" height=\"150\" srcset=\"http:\/\/www.portalmantena.com.br\/novo\/wp-content\/uploads\/2018\/05\/casadastintas.jpg 700w, http:\/\/www.portalmantena.com.br\/novo\/wp-content\/uploads\/2018\/05\/casadastintas-300x64.jpg 300w, http:\/\/www.portalmantena.com.br\/novo\/wp-content\/uploads\/2018\/05\/casadastintas-696x150.jpg 696w\" sizes=\"(max-width: 700px) 100vw, 700px\" \/><\/p>\n","protected":false},"excerpt":{"rendered":"<p>Na manh\u00e3 desta segunda-feira (03), policiais militares do 13\u00ba Batalh\u00e3o apreenderam um rev\u00f3lver calibre 38 com cinco muni\u00e7\u00f5es e prenderam uma pessoa por porte ilegal de arma de fogo. A a\u00e7\u00e3o foi realizada no bairro Seac, na cidade de S\u00e3o Mateus. Ap\u00f3s informa\u00e7\u00e3o do Servi\u00e7o de Intelig\u00eancia relatando que um rapaz estaria portando uma arma [&hellip;]<\/p>\n","protected":false},"author":1,"featured_media":36461,"comment_status":"open","ping_status":"open","sticky":false,"template":"","format":"standard","meta":[],"categories":[11,34],"tags":[],"_links":{"self":[{"href":"http:\/\/www.portalmantena.com.br\/novo\/index.php?rest_route=\/wp\/v2\/posts\/36460"}],"collection":[{"href":"http:\/\/www.portalmantena.com.br\/novo\/index.php?rest_route=\/wp\/v2\/posts"}],"about":[{"href":"http:\/\/www.portalmantena.com.br\/novo\/index.php?rest_route=\/wp\/v2\/types\/post"}],"author":[{"embeddable":true,"href":"http:\/\/www.portalmantena.com.br\/novo\/index.php?rest_route=\/wp\/v2\/users\/1"}],"replies":[{"embeddable":true,"href":"http:\/\/www.portalmantena.com.br\/novo\/index.php?rest_route=%2Fwp%2Fv2%2Fcomments&post=36460"}],"version-history":[{"count":1,"href":"http:\/\/www.portalmantena.com.br\/novo\/index.php?rest_route=\/wp\/v2\/posts\/36460\/revisions"}],"predecessor-version":[{"id":36462,"href":"http:\/\/www.portalmantena.com.br\/novo\/index.php?rest_route=\/wp\/v2\/posts\/36460\/revisions\/36462"}],"wp:featuredmedia":[{"embeddable":true,"href":"http:\/\/www.portalmantena.com.br\/novo\/index.php?rest_route=\/wp\/v2\/media\/36461"}],"wp:attachment":[{"href":"http:\/\/www.portalmantena.com.br\/novo\/index.php?rest_route=%2Fwp%2Fv2%2Fmedia&parent=36460"}],"wp:term":[{"taxonomy":"category","embeddable":true,"href":"http:\/\/www.portalmantena.com.br\/novo\/index.php?rest_route=%2Fwp%2Fv2%2Fcategories&post=36460"},{"taxonomy":"post_tag","embeddable":true,"href":"http:\/\/www.portalmantena.com.br\/novo\/index.php?rest_route=%2Fwp%2Fv2%2Ftags&post=36460"}],"curies":[{"name":"wp","href":"https:\/\/api.w.org\/{rel}","templated":true}]}}