{"id":36458,"date":"2018-09-06T08:49:45","date_gmt":"2018-09-06T11:49:45","guid":{"rendered":"http:\/\/www.portalmantena.com.br\/novo\/?p=36458"},"modified":"2018-09-06T08:49:45","modified_gmt":"2018-09-06T11:49:45","slug":"05set-segundo-dia-de-desfile-lotou-a-avenida-em-mantena","status":"publish","type":"post","link":"http:\/\/www.portalmantena.com.br\/novo\/?p=36458","title":{"rendered":"05SET &#8211; Segundo dia de desfile lotou a avenida em Mantena"},"content":{"rendered":"<p><strong><a href=\"http:\/\/www.portalmantena.com.br\/novo\/wp-content\/uploads\/2017\/06\/diabaner-1.jpg\"><img loading=\"lazy\" class=\"alignnone size-full wp-image-8000\" src=\"http:\/\/www.portalmantena.com.br\/novo\/wp-content\/uploads\/2017\/06\/diabaner-1.jpg\" alt=\"\" width=\"650\" height=\"100\" srcset=\"http:\/\/www.portalmantena.com.br\/novo\/wp-content\/uploads\/2017\/06\/diabaner-1.jpg 650w, http:\/\/www.portalmantena.com.br\/novo\/wp-content\/uploads\/2017\/06\/diabaner-1-300x46.jpg 300w\" sizes=\"(max-width: 650px) 100vw, 650px\" \/><\/a><\/strong><a href=\"http:\/\/www.portalmantena.com.br\/novo\/wp-content\/uploads\/2018\/09\/dia060918b.jpg\"><img loading=\"lazy\" class=\"alignnone size-full wp-image-36456\" src=\"http:\/\/www.portalmantena.com.br\/novo\/wp-content\/uploads\/2018\/09\/dia060918b.jpg\" alt=\"\" width=\"700\" height=\"450\" srcset=\"http:\/\/www.portalmantena.com.br\/novo\/wp-content\/uploads\/2018\/09\/dia060918b.jpg 700w, http:\/\/www.portalmantena.com.br\/novo\/wp-content\/uploads\/2018\/09\/dia060918b-300x193.jpg 300w, http:\/\/www.portalmantena.com.br\/novo\/wp-content\/uploads\/2018\/09\/dia060918b-696x447.jpg 696w, http:\/\/www.portalmantena.com.br\/novo\/wp-content\/uploads\/2018\/09\/dia060918b-653x420.jpg 653w\" sizes=\"(max-width: 700px) 100vw, 700px\" \/><\/a><\/p>\n<p><strong>05 de Setembro<\/strong>\u00a0&#8211;\u00a0Mais uma noite de civismo em Mantena, foi assim esta quarta-feira quando aconteceu o segundo dia de desfiles em comemora\u00e7\u00e3o \u00e0 Semana C\u00edvica no munic\u00edpio.<\/p>\n<p>Na avenida lotada por mantenenses e visitantes, as escolas mostraram belos pelot\u00f5es de alunos, alegorias e mensagens de amor \u00e0 terra querida e \u00e0 p\u00e1tria amada. As atividades c\u00edvicas seguem at\u00e9 esta sexta-feira quando o desfile acontecer\u00e1 no per\u00edodo da manh\u00e3.<\/p>\n<p><span style=\"font-size: 10pt;\">ESPA\u00c7O EMPRESARIAL<\/span><a href=\"https:\/\/www.facebook.com\/esteticistapatriciakarla?hc_ref=ARTRLla5NWzFR9As7pFhvjpUZM7NbqisWdJzWAYI0A3hB0_PPbvfdsWq2KrDLR_IF-8&amp;fref=nf\"><img loading=\"lazy\" class=\"alignnone size-full wp-image-34128\" src=\"http:\/\/www.portalmantena.com.br\/novo\/wp-content\/uploads\/2018\/05\/estetica010818.jpg\" alt=\"\" width=\"700\" height=\"150\" srcset=\"http:\/\/www.portalmantena.com.br\/novo\/wp-content\/uploads\/2018\/05\/estetica010818.jpg 700w, http:\/\/www.portalmantena.com.br\/novo\/wp-content\/uploads\/2018\/05\/estetica010818-300x64.jpg 300w, http:\/\/www.portalmantena.com.br\/novo\/wp-content\/uploads\/2018\/05\/estetica010818-696x150.jpg 696w\" sizes=\"(max-width: 700px) 100vw, 700px\" \/><\/a><\/p>\n","protected":false},"excerpt":{"rendered":"<p>05 de Setembro\u00a0&#8211;\u00a0Mais uma noite de civismo em Mantena, foi assim esta quarta-feira quando aconteceu o segundo dia de desfiles em comemora\u00e7\u00e3o \u00e0 Semana C\u00edvica no munic\u00edpio. Na avenida lotada por mantenenses e visitantes, as escolas mostraram belos pelot\u00f5es de alunos, alegorias e mensagens de amor \u00e0 terra querida e \u00e0 p\u00e1tria amada. As atividades [&hellip;]<\/p>\n","protected":false},"author":1,"featured_media":36456,"comment_status":"open","ping_status":"open","sticky":false,"template":"","format":"standard","meta":[],"categories":[50],"tags":[],"_links":{"self":[{"href":"http:\/\/www.portalmantena.com.br\/novo\/index.php?rest_route=\/wp\/v2\/posts\/36458"}],"collection":[{"href":"http:\/\/www.portalmantena.com.br\/novo\/index.php?rest_route=\/wp\/v2\/posts"}],"about":[{"href":"http:\/\/www.portalmantena.com.br\/novo\/index.php?rest_route=\/wp\/v2\/types\/post"}],"author":[{"embeddable":true,"href":"http:\/\/www.portalmantena.com.br\/novo\/index.php?rest_route=\/wp\/v2\/users\/1"}],"replies":[{"embeddable":true,"href":"http:\/\/www.portalmantena.com.br\/novo\/index.php?rest_route=%2Fwp%2Fv2%2Fcomments&post=36458"}],"version-history":[{"count":1,"href":"http:\/\/www.portalmantena.com.br\/novo\/index.php?rest_route=\/wp\/v2\/posts\/36458\/revisions"}],"predecessor-version":[{"id":36459,"href":"http:\/\/www.portalmantena.com.br\/novo\/index.php?rest_route=\/wp\/v2\/posts\/36458\/revisions\/36459"}],"wp:featuredmedia":[{"embeddable":true,"href":"http:\/\/www.portalmantena.com.br\/novo\/index.php?rest_route=\/wp\/v2\/media\/36456"}],"wp:attachment":[{"href":"http:\/\/www.portalmantena.com.br\/novo\/index.php?rest_route=%2Fwp%2Fv2%2Fmedia&parent=36458"}],"wp:term":[{"taxonomy":"category","embeddable":true,"href":"http:\/\/www.portalmantena.com.br\/novo\/index.php?rest_route=%2Fwp%2Fv2%2Fcategories&post=36458"},{"taxonomy":"post_tag","embeddable":true,"href":"http:\/\/www.portalmantena.com.br\/novo\/index.php?rest_route=%2Fwp%2Fv2%2Ftags&post=36458"}],"curies":[{"name":"wp","href":"https:\/\/api.w.org\/{rel}","templated":true}]}}