{"id":36447,"date":"2018-09-06T08:17:28","date_gmt":"2018-09-06T11:17:28","guid":{"rendered":"http:\/\/www.portalmantena.com.br\/novo\/?p=36447"},"modified":"2018-09-06T08:17:28","modified_gmt":"2018-09-06T11:17:28","slug":"desmatamento-leva-pm-a-conduzir-proprietaria-de-terreno","status":"publish","type":"post","link":"http:\/\/www.portalmantena.com.br\/novo\/?p=36447","title":{"rendered":"Desmatamento leva PM a conduzir propriet\u00e1ria de terreno"},"content":{"rendered":"<p><a href=\"http:\/\/www.portalmantena.com.br\/novo\/wp-content\/uploads\/2018\/09\/no060918mata.jpg\"><img loading=\"lazy\" class=\"alignnone size-full wp-image-36448\" src=\"http:\/\/www.portalmantena.com.br\/novo\/wp-content\/uploads\/2018\/09\/no060918mata.jpg\" alt=\"\" width=\"700\" height=\"450\" srcset=\"http:\/\/www.portalmantena.com.br\/novo\/wp-content\/uploads\/2018\/09\/no060918mata.jpg 700w, http:\/\/www.portalmantena.com.br\/novo\/wp-content\/uploads\/2018\/09\/no060918mata-300x193.jpg 300w, http:\/\/www.portalmantena.com.br\/novo\/wp-content\/uploads\/2018\/09\/no060918mata-696x447.jpg 696w, http:\/\/www.portalmantena.com.br\/novo\/wp-content\/uploads\/2018\/09\/no060918mata-653x420.jpg 653w\" sizes=\"(max-width: 700px) 100vw, 700px\" \/><\/a><\/p>\n<p><span style=\"font-size: 14pt;\">Nesta segunda-feira dia 03 de Setembro, uma equipe do Batalh\u00e3o de Pol\u00edcia Militar Ambiental (BPMA) flagrou o desmate de vegeta\u00e7\u00e3o nativa na localidade de Alto S\u00e3o Juli\u00e3o, no munic\u00edpio capixaba de Santa Teresa.<\/span><\/p>\n<p><span style=\"font-size: 14pt;\"> No Distrito de 25 de Julho, foi constatado o desmatamento da mata atl\u00e2ntica em uma propriedade particular, realizada sem autoriza\u00e7\u00e3o do \u00f3rg\u00e3o ambiental competente. <\/span><\/p>\n<p><span style=\"font-size: 14pt;\">Al\u00e9m de desmatar uma \u00e1rea de 600 m\u00b2 de vegeta\u00e7\u00e3o nativa, a propriet\u00e1ria matinha em dep\u00f3sito 1,62 m\u00b3 de madeira nativa beneficiada no interior de sua garagem, sem licen\u00e7a do \u00f3rg\u00e3o ambiental. <\/span><\/p>\n<p><span style=\"font-size: 14pt;\">A propriet\u00e1ria do terreno foi conduzida ao departamento policial de Santa Teresa e apresentada \u00e0 autoridade competente para as provid\u00eancias cab\u00edveis. (fonte\/foto:PM).<\/span><\/p>\n<p><a href=\"http:\/\/www.portalmantena.com.br\/novo\/wp-content\/uploads\/2018\/09\/no060918mata2.jpg\"><img loading=\"lazy\" class=\"alignnone size-full wp-image-36449\" src=\"http:\/\/www.portalmantena.com.br\/novo\/wp-content\/uploads\/2018\/09\/no060918mata2.jpg\" alt=\"\" width=\"700\" height=\"450\" srcset=\"http:\/\/www.portalmantena.com.br\/novo\/wp-content\/uploads\/2018\/09\/no060918mata2.jpg 700w, http:\/\/www.portalmantena.com.br\/novo\/wp-content\/uploads\/2018\/09\/no060918mata2-300x193.jpg 300w, http:\/\/www.portalmantena.com.br\/novo\/wp-content\/uploads\/2018\/09\/no060918mata2-696x447.jpg 696w, http:\/\/www.portalmantena.com.br\/novo\/wp-content\/uploads\/2018\/09\/no060918mata2-653x420.jpg 653w\" sizes=\"(max-width: 700px) 100vw, 700px\" \/><\/a><\/p>\n<p><span style=\"font-size: 10pt;\">ESPA\u00c7O EMPRESARIAL<\/span><a href=\"http:\/\/www.portalmantena.com.br\/novo\/wp-content\/uploads\/2018\/05\/cafebonzonfaixa.jpg\"><img loading=\"lazy\" class=\"alignnone size-full wp-image-29162\" src=\"http:\/\/www.portalmantena.com.br\/novo\/wp-content\/uploads\/2018\/05\/cafebonzonfaixa.jpg\" alt=\"\" width=\"700\" height=\"150\" srcset=\"http:\/\/www.portalmantena.com.br\/novo\/wp-content\/uploads\/2018\/05\/cafebonzonfaixa.jpg 700w, http:\/\/www.portalmantena.com.br\/novo\/wp-content\/uploads\/2018\/05\/cafebonzonfaixa-300x64.jpg 300w, http:\/\/www.portalmantena.com.br\/novo\/wp-content\/uploads\/2018\/05\/cafebonzonfaixa-696x150.jpg 696w\" sizes=\"(max-width: 700px) 100vw, 700px\" \/><\/a><\/p>\n","protected":false},"excerpt":{"rendered":"<p>Nesta segunda-feira dia 03 de Setembro, uma equipe do Batalh\u00e3o de Pol\u00edcia Militar Ambiental (BPMA) flagrou o desmate de vegeta\u00e7\u00e3o nativa na localidade de Alto S\u00e3o Juli\u00e3o, no munic\u00edpio capixaba de Santa Teresa. No Distrito de 25 de Julho, foi constatado o desmatamento da mata atl\u00e2ntica em uma propriedade particular, realizada sem autoriza\u00e7\u00e3o do \u00f3rg\u00e3o [&hellip;]<\/p>\n","protected":false},"author":1,"featured_media":36448,"comment_status":"open","ping_status":"open","sticky":false,"template":"","format":"standard","meta":[],"categories":[11,34,39],"tags":[],"_links":{"self":[{"href":"http:\/\/www.portalmantena.com.br\/novo\/index.php?rest_route=\/wp\/v2\/posts\/36447"}],"collection":[{"href":"http:\/\/www.portalmantena.com.br\/novo\/index.php?rest_route=\/wp\/v2\/posts"}],"about":[{"href":"http:\/\/www.portalmantena.com.br\/novo\/index.php?rest_route=\/wp\/v2\/types\/post"}],"author":[{"embeddable":true,"href":"http:\/\/www.portalmantena.com.br\/novo\/index.php?rest_route=\/wp\/v2\/users\/1"}],"replies":[{"embeddable":true,"href":"http:\/\/www.portalmantena.com.br\/novo\/index.php?rest_route=%2Fwp%2Fv2%2Fcomments&post=36447"}],"version-history":[{"count":1,"href":"http:\/\/www.portalmantena.com.br\/novo\/index.php?rest_route=\/wp\/v2\/posts\/36447\/revisions"}],"predecessor-version":[{"id":36450,"href":"http:\/\/www.portalmantena.com.br\/novo\/index.php?rest_route=\/wp\/v2\/posts\/36447\/revisions\/36450"}],"wp:featuredmedia":[{"embeddable":true,"href":"http:\/\/www.portalmantena.com.br\/novo\/index.php?rest_route=\/wp\/v2\/media\/36448"}],"wp:attachment":[{"href":"http:\/\/www.portalmantena.com.br\/novo\/index.php?rest_route=%2Fwp%2Fv2%2Fmedia&parent=36447"}],"wp:term":[{"taxonomy":"category","embeddable":true,"href":"http:\/\/www.portalmantena.com.br\/novo\/index.php?rest_route=%2Fwp%2Fv2%2Fcategories&post=36447"},{"taxonomy":"post_tag","embeddable":true,"href":"http:\/\/www.portalmantena.com.br\/novo\/index.php?rest_route=%2Fwp%2Fv2%2Ftags&post=36447"}],"curies":[{"name":"wp","href":"https:\/\/api.w.org\/{rel}","templated":true}]}}