{"id":36442,"date":"2018-09-06T08:00:30","date_gmt":"2018-09-06T11:00:30","guid":{"rendered":"http:\/\/www.portalmantena.com.br\/novo\/?p=36442"},"modified":"2018-09-06T08:00:30","modified_gmt":"2018-09-06T11:00:30","slug":"isrrael-comemorando-mais-um-aniversario-parabens","status":"publish","type":"post","link":"http:\/\/www.portalmantena.com.br\/novo\/?p=36442","title":{"rendered":"Isrrael comemorando mais um Anivers\u00e1rio, parab\u00e9ns"},"content":{"rendered":"<p><a href=\"http:\/\/www.portalmantena.com.br\/novo\/wp-content\/uploads\/2018\/09\/vi060918niver.jpg\"><img loading=\"lazy\" class=\"alignnone size-full wp-image-36443\" src=\"http:\/\/www.portalmantena.com.br\/novo\/wp-content\/uploads\/2018\/09\/vi060918niver.jpg\" alt=\"\" width=\"700\" height=\"450\" srcset=\"http:\/\/www.portalmantena.com.br\/novo\/wp-content\/uploads\/2018\/09\/vi060918niver.jpg 700w, http:\/\/www.portalmantena.com.br\/novo\/wp-content\/uploads\/2018\/09\/vi060918niver-300x193.jpg 300w, http:\/\/www.portalmantena.com.br\/novo\/wp-content\/uploads\/2018\/09\/vi060918niver-696x447.jpg 696w, http:\/\/www.portalmantena.com.br\/novo\/wp-content\/uploads\/2018\/09\/vi060918niver-653x420.jpg 653w\" sizes=\"(max-width: 700px) 100vw, 700px\" \/><\/a><\/p>\n<p><span style=\"font-size: 14pt;\">O jovem mantenense Isrrael (Yeyeu), atleticano, \u00e9 o aniversariante desta quinta-feira dia 6 de Setembro. <\/span><\/p>\n<p><span style=\"font-size: 14pt;\">Ele que com sua alegria e simpatia vem sendo reconhecido como um \u00f3timo trabalhador pelas ruas de Mantena, realizando a pintura das faixas de pedestres, sinaliza\u00e7\u00f5es bem como outras tarefas do setor em que trabalha na prefeitura municipal. <\/span><\/p>\n<p><span style=\"font-size: 14pt;\">Desejamos a ele muitas felicidades neste dia, parab\u00e9ns pelo anivers\u00e1rio.<\/span><\/p>\n<p><span style=\"font-size: 10pt;\">ESPA\u00c7O EMPRESARIAL<\/span><a href=\"https:\/\/www.facebook.com\/Tekol-Basic-1148561818529027\/\"><img src=\"http:\/\/www.portalmantena.com.br\/novo\/wp-content\/uploads\/2018\/08\/tekol210818b-1.jpg\" \/><\/a><\/p>\n","protected":false},"excerpt":{"rendered":"<p>O jovem mantenense Isrrael (Yeyeu), atleticano, \u00e9 o aniversariante desta quinta-feira dia 6 de Setembro. Ele que com sua alegria e simpatia vem sendo reconhecido como um \u00f3timo trabalhador pelas ruas de Mantena, realizando a pintura das faixas de pedestres, sinaliza\u00e7\u00f5es bem como outras tarefas do setor em que trabalha na prefeitura municipal. Desejamos a [&hellip;]<\/p>\n","protected":false},"author":1,"featured_media":36443,"comment_status":"open","ping_status":"open","sticky":false,"template":"","format":"standard","meta":[],"categories":[7],"tags":[],"_links":{"self":[{"href":"http:\/\/www.portalmantena.com.br\/novo\/index.php?rest_route=\/wp\/v2\/posts\/36442"}],"collection":[{"href":"http:\/\/www.portalmantena.com.br\/novo\/index.php?rest_route=\/wp\/v2\/posts"}],"about":[{"href":"http:\/\/www.portalmantena.com.br\/novo\/index.php?rest_route=\/wp\/v2\/types\/post"}],"author":[{"embeddable":true,"href":"http:\/\/www.portalmantena.com.br\/novo\/index.php?rest_route=\/wp\/v2\/users\/1"}],"replies":[{"embeddable":true,"href":"http:\/\/www.portalmantena.com.br\/novo\/index.php?rest_route=%2Fwp%2Fv2%2Fcomments&post=36442"}],"version-history":[{"count":1,"href":"http:\/\/www.portalmantena.com.br\/novo\/index.php?rest_route=\/wp\/v2\/posts\/36442\/revisions"}],"predecessor-version":[{"id":36444,"href":"http:\/\/www.portalmantena.com.br\/novo\/index.php?rest_route=\/wp\/v2\/posts\/36442\/revisions\/36444"}],"wp:featuredmedia":[{"embeddable":true,"href":"http:\/\/www.portalmantena.com.br\/novo\/index.php?rest_route=\/wp\/v2\/media\/36443"}],"wp:attachment":[{"href":"http:\/\/www.portalmantena.com.br\/novo\/index.php?rest_route=%2Fwp%2Fv2%2Fmedia&parent=36442"}],"wp:term":[{"taxonomy":"category","embeddable":true,"href":"http:\/\/www.portalmantena.com.br\/novo\/index.php?rest_route=%2Fwp%2Fv2%2Fcategories&post=36442"},{"taxonomy":"post_tag","embeddable":true,"href":"http:\/\/www.portalmantena.com.br\/novo\/index.php?rest_route=%2Fwp%2Fv2%2Ftags&post=36442"}],"curies":[{"name":"wp","href":"https:\/\/api.w.org\/{rel}","templated":true}]}}