{"id":36439,"date":"2018-09-05T20:05:38","date_gmt":"2018-09-05T23:05:38","guid":{"rendered":"http:\/\/www.portalmantena.com.br\/novo\/?p=36439"},"modified":"2018-09-06T15:23:25","modified_gmt":"2018-09-06T18:23:25","slug":"vila-pavao-esta-vencendo-a-luta-contra-a-malaria","status":"publish","type":"post","link":"http:\/\/www.portalmantena.com.br\/novo\/?p=36439","title":{"rendered":"Vila Pav\u00e3o est\u00e1 vencendo a luta contra a Mal\u00e1ria"},"content":{"rendered":"<p><a href=\"http:\/\/www.portalmantena.com.br\/novo\/wp-content\/uploads\/2018\/09\/no050918malaria.jpg\"><img loading=\"lazy\" class=\"alignnone size-full wp-image-36440\" src=\"http:\/\/www.portalmantena.com.br\/novo\/wp-content\/uploads\/2018\/09\/no050918malaria.jpg\" alt=\"\" width=\"700\" height=\"450\" srcset=\"http:\/\/www.portalmantena.com.br\/novo\/wp-content\/uploads\/2018\/09\/no050918malaria.jpg 700w, http:\/\/www.portalmantena.com.br\/novo\/wp-content\/uploads\/2018\/09\/no050918malaria-300x193.jpg 300w, http:\/\/www.portalmantena.com.br\/novo\/wp-content\/uploads\/2018\/09\/no050918malaria-696x447.jpg 696w, http:\/\/www.portalmantena.com.br\/novo\/wp-content\/uploads\/2018\/09\/no050918malaria-653x420.jpg 653w\" sizes=\"(max-width: 700px) 100vw, 700px\" \/><\/a><\/p>\n<p><span style=\"font-size: 14pt;\">O munic\u00edpio de Vila Pav\u00e3o mudou a estrat\u00e9gia contra a mal\u00e1ria. Devido ao quase desaparecimento de casos, o combate \u00e0 doen\u00e7a passou praticamente para o controle do munic\u00edpio. <\/span><\/p>\n<p><span style=\"font-size: 14pt;\">O laborat\u00f3rio da Secretaria de Estado da Sa\u00fade (SESA), montado na Unidade de Sa\u00fade do bairro Nova Munique foi desativado na semana passada e os testes r\u00e1pidos com laminas de sangue para detectar a doen\u00e7a, agora s\u00e3o realizados no Posto de Sa\u00fade da sede e nas unidades de Pra\u00e7a Rica, Concei\u00e7\u00e3o do XV (Cascudo) e C\u00f3rrego Lindemberg,\u00a0e pelos 25 Agentes Comunit\u00e1rios de Sa\u00fade que receberam kits com o material para aplicar o exame sempre que houver casos suspeitos em suas respectivas regi\u00f5es. <\/span><\/p>\n<p><span style=\"font-size: 14pt;\">Baseado na redu\u00e7\u00e3o dr\u00e1stica no n\u00famero de casos, o secret\u00e1rio municipal de Sa\u00fade Cl\u00e1udio da Cruz de Oliveira garante que a mal\u00e1ria n\u00e3o oferece mais risco para a popula\u00e7\u00e3o do munic\u00edpio. No entanto, para se afirmar que a doen\u00e7a est\u00e1 completamente controlada, s\u00e3o necess\u00e1rios pelos menos, 20 dias sem registrar casos. \u00a0<\/span><\/p>\n<p><span style=\"font-size: 14pt;\">\u201cPassamos\u00a0cinco dias consecutivos sem nenhum caso da doen\u00e7a. Apenas, na \u00faltima quinta-feira (30), foi diagnosticado um caso, num morador do C\u00f3rrego do Sossego, que ap\u00f3s investiga\u00e7\u00f5es, descobriu-se que a pessoa \u00e9 frequentador ass\u00edduo da regi\u00e3o de Concei\u00e7\u00e3o do XV.\u00a0 O trabalho de monitoramento da doen\u00e7a continua com a mesma intensidade. A dedetiza\u00e7\u00e3o das resid\u00eancias nas \u00e1reas de incid\u00eancia e a distribui\u00e7\u00e3o de repelentes tamb\u00e9m. Al\u00e9m disso, os agentes est\u00e3o em alerta, buscando e aplicando o teste nas pessoas com o sintoma,\u00a0e ao mesmo tempo,\u00a0orientando quanto \u00e0s medidas de preven\u00e7\u00e3o e mantendo um controle sobre as pessoas que chegam ou viajam para outras regi\u00f5es do pa\u00eds\u201d, informou o secret\u00e1rio. <\/span><\/p>\n<p><span style=\"font-size: 14pt;\">O per\u00edodo cr\u00edtico da mal\u00e1ria em Vila Pav\u00e3o foi registrado entre os dias 5 a 9 de agosto, quando s\u00f3 no munic\u00edpio, os n\u00fameros saltaram de 43 para mais de 90 casos.\u00a0 De acordo o \u00faltimo boletim divulgado, havia sido confirmado no estado,\u00a0140 de casos positivos da doen\u00e7a: 111 em Vila Pav\u00e3o e 29 em Barra de S\u00e3o Francisco. <\/span><\/p>\n<p><span style=\"font-size: 14pt;\">Para atuar no combate \u00e0 doen\u00e7a, equipes de profissionais da Secretaria de Estado da Sa\u00fade (SESA) e Minist\u00e9rio da Sa\u00fade, se juntaram \u00e0 equipe epidemiol\u00f3gica local e formaram uma for\u00e7a-tarefa no munic\u00edpio. Segundo as \u00faltimas informa\u00e7\u00f5es, se escalada dos n\u00fameros da mal\u00e1ria continuar estacionada,\u00a0em breve o munic\u00edpio dever\u00e1 retirar os decretos proibitivos e liberar a realiza\u00e7\u00e3o de eventos na cidade.\u00a0\u00a0<\/span><\/p>\n<p><span style=\"font-size: 14pt;\">O prefeito Irineu Wutke tem se reunido periodicamente com sua equipe de governo, representantes da Secretaria de Estado da Sa\u00fade (SESA) e membros da Sala de Situa\u00e7\u00e3o que monitora e coordenada as a\u00e7\u00f5es administravas de combate \u00e0 mal\u00e1ria no munic\u00edpio para discutir o assunto. Ele aguarda o sinal verde para tomar tal atitude. (fonte: site oficial da prefeitura municipal de vila pav\u00e3o).<\/span><\/p>\n<p>ESPA\u00c7O EMPRESARIAL<a href=\"https:\/\/www.facebook.com\/farmaciasdrogaminas\/?ref=br_rs\"><img loading=\"lazy\" class=\"alignnone size-full wp-image-30658\" src=\"http:\/\/www.portalmantena.com.br\/novo\/wp-content\/uploads\/2018\/05\/drogaminasfaixa.jpg\" alt=\"\" width=\"700\" height=\"150\" srcset=\"http:\/\/www.portalmantena.com.br\/novo\/wp-content\/uploads\/2018\/05\/drogaminasfaixa.jpg 700w, http:\/\/www.portalmantena.com.br\/novo\/wp-content\/uploads\/2018\/05\/drogaminasfaixa-300x64.jpg 300w, http:\/\/www.portalmantena.com.br\/novo\/wp-content\/uploads\/2018\/05\/drogaminasfaixa-696x150.jpg 696w\" sizes=\"(max-width: 700px) 100vw, 700px\" \/><\/a><\/p>\n","protected":false},"excerpt":{"rendered":"<p>O munic\u00edpio de Vila Pav\u00e3o mudou a estrat\u00e9gia contra a mal\u00e1ria. Devido ao quase desaparecimento de casos, o combate \u00e0 doen\u00e7a passou praticamente para o controle do munic\u00edpio. O laborat\u00f3rio da Secretaria de Estado da Sa\u00fade (SESA), montado na Unidade de Sa\u00fade do bairro Nova Munique foi desativado na semana passada e os testes r\u00e1pidos [&hellip;]<\/p>\n","protected":false},"author":1,"featured_media":36440,"comment_status":"open","ping_status":"open","sticky":false,"template":"","format":"standard","meta":[],"categories":[11,39],"tags":[],"_links":{"self":[{"href":"http:\/\/www.portalmantena.com.br\/novo\/index.php?rest_route=\/wp\/v2\/posts\/36439"}],"collection":[{"href":"http:\/\/www.portalmantena.com.br\/novo\/index.php?rest_route=\/wp\/v2\/posts"}],"about":[{"href":"http:\/\/www.portalmantena.com.br\/novo\/index.php?rest_route=\/wp\/v2\/types\/post"}],"author":[{"embeddable":true,"href":"http:\/\/www.portalmantena.com.br\/novo\/index.php?rest_route=\/wp\/v2\/users\/1"}],"replies":[{"embeddable":true,"href":"http:\/\/www.portalmantena.com.br\/novo\/index.php?rest_route=%2Fwp%2Fv2%2Fcomments&post=36439"}],"version-history":[{"count":1,"href":"http:\/\/www.portalmantena.com.br\/novo\/index.php?rest_route=\/wp\/v2\/posts\/36439\/revisions"}],"predecessor-version":[{"id":36441,"href":"http:\/\/www.portalmantena.com.br\/novo\/index.php?rest_route=\/wp\/v2\/posts\/36439\/revisions\/36441"}],"wp:featuredmedia":[{"embeddable":true,"href":"http:\/\/www.portalmantena.com.br\/novo\/index.php?rest_route=\/wp\/v2\/media\/36440"}],"wp:attachment":[{"href":"http:\/\/www.portalmantena.com.br\/novo\/index.php?rest_route=%2Fwp%2Fv2%2Fmedia&parent=36439"}],"wp:term":[{"taxonomy":"category","embeddable":true,"href":"http:\/\/www.portalmantena.com.br\/novo\/index.php?rest_route=%2Fwp%2Fv2%2Fcategories&post=36439"},{"taxonomy":"post_tag","embeddable":true,"href":"http:\/\/www.portalmantena.com.br\/novo\/index.php?rest_route=%2Fwp%2Fv2%2Ftags&post=36439"}],"curies":[{"name":"wp","href":"https:\/\/api.w.org\/{rel}","templated":true}]}}