{"id":3643,"date":"2017-03-28T11:40:12","date_gmt":"2017-03-28T14:40:12","guid":{"rendered":"http:\/\/www.portalmantena.com.br\/novo\/?p=3643"},"modified":"2017-03-28T08:46:32","modified_gmt":"2017-03-28T11:46:32","slug":"mais-de-40-casos-de-dengue-sao-registrados-em-sao-gabriel-da-palha","status":"publish","type":"post","link":"http:\/\/www.portalmantena.com.br\/novo\/?p=3643","title":{"rendered":"Mais de 40 casos de dengue s\u00e3o registrados em S\u00e3o Gabriel da Palha"},"content":{"rendered":"<p><a href=\"http:\/\/www.portalmantena.com.br\/novo\/wp-content\/uploads\/2017\/03\/no280317dengue.jpg\"><img loading=\"lazy\" class=\"alignnone size-full wp-image-3644\" src=\"http:\/\/www.portalmantena.com.br\/novo\/wp-content\/uploads\/2017\/03\/no280317dengue.jpg\" alt=\"\" width=\"700\" height=\"450\" srcset=\"http:\/\/www.portalmantena.com.br\/novo\/wp-content\/uploads\/2017\/03\/no280317dengue.jpg 700w, http:\/\/www.portalmantena.com.br\/novo\/wp-content\/uploads\/2017\/03\/no280317dengue-300x193.jpg 300w, http:\/\/www.portalmantena.com.br\/novo\/wp-content\/uploads\/2017\/03\/no280317dengue-696x447.jpg 696w, http:\/\/www.portalmantena.com.br\/novo\/wp-content\/uploads\/2017\/03\/no280317dengue-653x420.jpg 653w\" sizes=\"(max-width: 700px) 100vw, 700px\" \/><\/a><\/p>\n<p><span style=\"font-size: 14pt;\">Mais de 40 casos de dengue j\u00e1 foram identificados e est\u00e3o sendo analisados pela Secretaria Municipal de Sa\u00fade de S\u00e3o Gabriel da Palha, assim nos informou um representante da Secretaria. <\/span><\/p>\n<p><span style=\"font-size: 14pt;\">De acordo com o levantamento feito, os bairros; Santa Helena, Boa Vista e Jardim da Inf\u00e2ncia est\u00e3o com o sinal de alerta ligado pelo fato de a maioria dos casos serem moradores destes bairros. Moradores est\u00e3o preocupados com este surto e reclamam do acumulo de lixo nestes bairros e pedem a aten\u00e7\u00e3o da prefeitura que j\u00e1 tem feito limpeza do c\u00f3rrego S\u00e3o Gabriel, mas n\u00e3o est\u00e1 sendo suficiente. <\/span><\/p>\n<p><span style=\"font-size: 14pt;\">A presen\u00e7a do carro fumasse tamb\u00e9m \u00e9 solicitada pelos moradores que consideram este recurso uma op\u00e7\u00e3o que ajuda a conter o mosquito transmissor. (fonte\/portalz4)<\/span><\/p>\n","protected":false},"excerpt":{"rendered":"<p>Mais de 40 casos de dengue j\u00e1 foram identificados e est\u00e3o sendo analisados pela Secretaria Municipal de Sa\u00fade de S\u00e3o Gabriel da Palha, assim nos informou um representante da Secretaria. De acordo com o levantamento feito, os bairros; Santa Helena, Boa Vista e Jardim da Inf\u00e2ncia est\u00e3o com o sinal de alerta ligado pelo fato [&hellip;]<\/p>\n","protected":false},"author":1,"featured_media":3644,"comment_status":"open","ping_status":"open","sticky":false,"template":"","format":"standard","meta":[],"categories":[11,39],"tags":[],"_links":{"self":[{"href":"http:\/\/www.portalmantena.com.br\/novo\/index.php?rest_route=\/wp\/v2\/posts\/3643"}],"collection":[{"href":"http:\/\/www.portalmantena.com.br\/novo\/index.php?rest_route=\/wp\/v2\/posts"}],"about":[{"href":"http:\/\/www.portalmantena.com.br\/novo\/index.php?rest_route=\/wp\/v2\/types\/post"}],"author":[{"embeddable":true,"href":"http:\/\/www.portalmantena.com.br\/novo\/index.php?rest_route=\/wp\/v2\/users\/1"}],"replies":[{"embeddable":true,"href":"http:\/\/www.portalmantena.com.br\/novo\/index.php?rest_route=%2Fwp%2Fv2%2Fcomments&post=3643"}],"version-history":[{"count":1,"href":"http:\/\/www.portalmantena.com.br\/novo\/index.php?rest_route=\/wp\/v2\/posts\/3643\/revisions"}],"predecessor-version":[{"id":3645,"href":"http:\/\/www.portalmantena.com.br\/novo\/index.php?rest_route=\/wp\/v2\/posts\/3643\/revisions\/3645"}],"wp:featuredmedia":[{"embeddable":true,"href":"http:\/\/www.portalmantena.com.br\/novo\/index.php?rest_route=\/wp\/v2\/media\/3644"}],"wp:attachment":[{"href":"http:\/\/www.portalmantena.com.br\/novo\/index.php?rest_route=%2Fwp%2Fv2%2Fmedia&parent=3643"}],"wp:term":[{"taxonomy":"category","embeddable":true,"href":"http:\/\/www.portalmantena.com.br\/novo\/index.php?rest_route=%2Fwp%2Fv2%2Fcategories&post=3643"},{"taxonomy":"post_tag","embeddable":true,"href":"http:\/\/www.portalmantena.com.br\/novo\/index.php?rest_route=%2Fwp%2Fv2%2Ftags&post=3643"}],"curies":[{"name":"wp","href":"https:\/\/api.w.org\/{rel}","templated":true}]}}