{"id":3631,"date":"2017-03-27T19:47:47","date_gmt":"2017-03-27T22:47:47","guid":{"rendered":"http:\/\/www.portalmantena.com.br\/novo\/?p=3631"},"modified":"2017-03-27T16:18:34","modified_gmt":"2017-03-27T19:18:34","slug":"bandidos-armados-assaltam-deposito-de-gas-em-barra-de-sao-francisco","status":"publish","type":"post","link":"http:\/\/www.portalmantena.com.br\/novo\/?p=3631","title":{"rendered":"Bandidos armados assaltam Dep\u00f3sito de g\u00e1s em Barra de S\u00e3o Francisco"},"content":{"rendered":"<p><a href=\"http:\/\/www.portalmantena.com.br\/novo\/wp-content\/uploads\/2017\/03\/no270317arma.jpg\"><img loading=\"lazy\" class=\"alignnone size-full wp-image-3632\" src=\"http:\/\/www.portalmantena.com.br\/novo\/wp-content\/uploads\/2017\/03\/no270317arma.jpg\" alt=\"\" width=\"700\" height=\"450\" srcset=\"http:\/\/www.portalmantena.com.br\/novo\/wp-content\/uploads\/2017\/03\/no270317arma.jpg 700w, http:\/\/www.portalmantena.com.br\/novo\/wp-content\/uploads\/2017\/03\/no270317arma-300x193.jpg 300w, http:\/\/www.portalmantena.com.br\/novo\/wp-content\/uploads\/2017\/03\/no270317arma-696x447.jpg 696w, http:\/\/www.portalmantena.com.br\/novo\/wp-content\/uploads\/2017\/03\/no270317arma-653x420.jpg 653w\" sizes=\"(max-width: 700px) 100vw, 700px\" \/><\/a><\/p>\n<p><span style=\"font-size: 14pt;\">Os assaltantes atacam novamente e fazem estrago em um estabelecimento comercial em Barra de S\u00e3o Francisco. A a\u00e7\u00e3o dos criminosos armados aconteceu na tarde do \u00faltimo s\u00e1bado dia 25 de mar\u00e7o, em um dep\u00f3sito de g\u00e1s, situado no bairro Vila Vicente na cidade francisquense. <\/span><\/p>\n<p><span style=\"font-size: 14pt;\">Segundo informa\u00e7\u00f5es, os autores chegaram armados com um rev\u00f3lver calibre 38 rendendo os funcion\u00e1rios. A a\u00e7\u00e3o foi r\u00e1pida, mas o suficiente para fugirem levando cerca de R$ 5 mil reais em dinheiro, e v\u00e1rios aparelhos de celular, deixando os funcion\u00e1rios sem comunica\u00e7\u00e3o. <\/span><\/p>\n<p><span style=\"font-size: 14pt;\">A pol\u00edcia militar foi acionada e compareceu ao local para o registro da ocorr\u00eancia. Felizmente ningu\u00e9m se feriu na a\u00e7\u00e3o dos bandidos. (foto ilustrativa)<\/span><\/p>\n","protected":false},"excerpt":{"rendered":"<p>Os assaltantes atacam novamente e fazem estrago em um estabelecimento comercial em Barra de S\u00e3o Francisco. A a\u00e7\u00e3o dos criminosos armados aconteceu na tarde do \u00faltimo s\u00e1bado dia 25 de mar\u00e7o, em um dep\u00f3sito de g\u00e1s, situado no bairro Vila Vicente na cidade francisquense. Segundo informa\u00e7\u00f5es, os autores chegaram armados com um rev\u00f3lver calibre 38 [&hellip;]<\/p>\n","protected":false},"author":1,"featured_media":3632,"comment_status":"open","ping_status":"open","sticky":false,"template":"","format":"standard","meta":[],"categories":[11,34],"tags":[],"_links":{"self":[{"href":"http:\/\/www.portalmantena.com.br\/novo\/index.php?rest_route=\/wp\/v2\/posts\/3631"}],"collection":[{"href":"http:\/\/www.portalmantena.com.br\/novo\/index.php?rest_route=\/wp\/v2\/posts"}],"about":[{"href":"http:\/\/www.portalmantena.com.br\/novo\/index.php?rest_route=\/wp\/v2\/types\/post"}],"author":[{"embeddable":true,"href":"http:\/\/www.portalmantena.com.br\/novo\/index.php?rest_route=\/wp\/v2\/users\/1"}],"replies":[{"embeddable":true,"href":"http:\/\/www.portalmantena.com.br\/novo\/index.php?rest_route=%2Fwp%2Fv2%2Fcomments&post=3631"}],"version-history":[{"count":1,"href":"http:\/\/www.portalmantena.com.br\/novo\/index.php?rest_route=\/wp\/v2\/posts\/3631\/revisions"}],"predecessor-version":[{"id":3633,"href":"http:\/\/www.portalmantena.com.br\/novo\/index.php?rest_route=\/wp\/v2\/posts\/3631\/revisions\/3633"}],"wp:featuredmedia":[{"embeddable":true,"href":"http:\/\/www.portalmantena.com.br\/novo\/index.php?rest_route=\/wp\/v2\/media\/3632"}],"wp:attachment":[{"href":"http:\/\/www.portalmantena.com.br\/novo\/index.php?rest_route=%2Fwp%2Fv2%2Fmedia&parent=3631"}],"wp:term":[{"taxonomy":"category","embeddable":true,"href":"http:\/\/www.portalmantena.com.br\/novo\/index.php?rest_route=%2Fwp%2Fv2%2Fcategories&post=3631"},{"taxonomy":"post_tag","embeddable":true,"href":"http:\/\/www.portalmantena.com.br\/novo\/index.php?rest_route=%2Fwp%2Fv2%2Ftags&post=3631"}],"curies":[{"name":"wp","href":"https:\/\/api.w.org\/{rel}","templated":true}]}}