{"id":3580,"date":"2017-03-27T14:16:17","date_gmt":"2017-03-27T17:16:17","guid":{"rendered":"http:\/\/www.portalmantena.com.br\/novo\/?p=3580"},"modified":"2017-03-27T14:16:17","modified_gmt":"2017-03-27T17:16:17","slug":"motociclista-em-fuga-acaba-preso-pela-pm-em-conselheiro-pena","status":"publish","type":"post","link":"http:\/\/www.portalmantena.com.br\/novo\/?p=3580","title":{"rendered":"Motociclista em fuga acaba preso pela PM em Conselheiro Pena"},"content":{"rendered":"<p><a href=\"http:\/\/www.portalmantena.com.br\/novo\/wp-content\/uploads\/2017\/03\/no270317moto.jpg\"><img loading=\"lazy\" class=\"alignnone size-full wp-image-3581\" src=\"http:\/\/www.portalmantena.com.br\/novo\/wp-content\/uploads\/2017\/03\/no270317moto.jpg\" alt=\"\" width=\"700\" height=\"450\" srcset=\"http:\/\/www.portalmantena.com.br\/novo\/wp-content\/uploads\/2017\/03\/no270317moto.jpg 700w, http:\/\/www.portalmantena.com.br\/novo\/wp-content\/uploads\/2017\/03\/no270317moto-300x193.jpg 300w, http:\/\/www.portalmantena.com.br\/novo\/wp-content\/uploads\/2017\/03\/no270317moto-696x447.jpg 696w, http:\/\/www.portalmantena.com.br\/novo\/wp-content\/uploads\/2017\/03\/no270317moto-653x420.jpg 653w\" sizes=\"(max-width: 700px) 100vw, 700px\" \/><\/a><\/p>\n<p><span style=\"font-size: 14pt;\">Na cidade de Conselheiro pena, a Pol\u00edcia Militar empreendeu uma persegui\u00e7\u00e3o a uma motocicleta com dois ocupantes, a ocorr\u00eancia teve in\u00edcio nas ruas do bairro S\u00e3o Luiz. <\/span><\/p>\n<p><span style=\"font-size: 14pt;\">Os dois indiv\u00edduos, um de 18 e outro de 20 anos estavam em uma motocicleta sem placa pr\u00f3ximo \u00e0 Delegacia de Pol\u00edcia, e quando iriam ser abordados, o condutor saiu em debandada fuga, o que obrigou a guarni\u00e7\u00e3o a persegui-los pelo bairro, visto que estavam pilotando em diversas manobras colocando em perigo quem estava na rua. <\/span><\/p>\n<p><span style=\"font-size: 14pt;\">Em dado momento eles ca\u00edram com a moto e seguiram fuga a p\u00e9, chegando at\u00e9 as margens do Rio Doce, onde foram localizados pelos militares. Identificados, foi constatado que eles possuem v\u00e1rias passagens pela pol\u00edcia e um estava em liberdade condicional. Os dois foram presos e encaminhados \u00e0 Delegacia de Pol\u00edcia e a motocicleta foi apreendida. (fonte\/foto:noticiasnoleste)<\/span><\/p>\n","protected":false},"excerpt":{"rendered":"<p>Na cidade de Conselheiro pena, a Pol\u00edcia Militar empreendeu uma persegui\u00e7\u00e3o a uma motocicleta com dois ocupantes, a ocorr\u00eancia teve in\u00edcio nas ruas do bairro S\u00e3o Luiz. Os dois indiv\u00edduos, um de 18 e outro de 20 anos estavam em uma motocicleta sem placa pr\u00f3ximo \u00e0 Delegacia de Pol\u00edcia, e quando iriam ser abordados, o [&hellip;]<\/p>\n","protected":false},"author":1,"featured_media":3581,"comment_status":"open","ping_status":"open","sticky":false,"template":"","format":"standard","meta":[],"categories":[11,34],"tags":[],"_links":{"self":[{"href":"http:\/\/www.portalmantena.com.br\/novo\/index.php?rest_route=\/wp\/v2\/posts\/3580"}],"collection":[{"href":"http:\/\/www.portalmantena.com.br\/novo\/index.php?rest_route=\/wp\/v2\/posts"}],"about":[{"href":"http:\/\/www.portalmantena.com.br\/novo\/index.php?rest_route=\/wp\/v2\/types\/post"}],"author":[{"embeddable":true,"href":"http:\/\/www.portalmantena.com.br\/novo\/index.php?rest_route=\/wp\/v2\/users\/1"}],"replies":[{"embeddable":true,"href":"http:\/\/www.portalmantena.com.br\/novo\/index.php?rest_route=%2Fwp%2Fv2%2Fcomments&post=3580"}],"version-history":[{"count":1,"href":"http:\/\/www.portalmantena.com.br\/novo\/index.php?rest_route=\/wp\/v2\/posts\/3580\/revisions"}],"predecessor-version":[{"id":3582,"href":"http:\/\/www.portalmantena.com.br\/novo\/index.php?rest_route=\/wp\/v2\/posts\/3580\/revisions\/3582"}],"wp:featuredmedia":[{"embeddable":true,"href":"http:\/\/www.portalmantena.com.br\/novo\/index.php?rest_route=\/wp\/v2\/media\/3581"}],"wp:attachment":[{"href":"http:\/\/www.portalmantena.com.br\/novo\/index.php?rest_route=%2Fwp%2Fv2%2Fmedia&parent=3580"}],"wp:term":[{"taxonomy":"category","embeddable":true,"href":"http:\/\/www.portalmantena.com.br\/novo\/index.php?rest_route=%2Fwp%2Fv2%2Fcategories&post=3580"},{"taxonomy":"post_tag","embeddable":true,"href":"http:\/\/www.portalmantena.com.br\/novo\/index.php?rest_route=%2Fwp%2Fv2%2Ftags&post=3580"}],"curies":[{"name":"wp","href":"https:\/\/api.w.org\/{rel}","templated":true}]}}