{"id":35766,"date":"2018-08-27T14:00:42","date_gmt":"2018-08-27T17:00:42","guid":{"rendered":"http:\/\/www.portalmantena.com.br\/novo\/?p=35766"},"modified":"2018-08-28T08:04:16","modified_gmt":"2018-08-28T11:04:16","slug":"pm-prende-autores-de-roubo-com-refem-em-mendes-pimentel","status":"publish","type":"post","link":"http:\/\/www.portalmantena.com.br\/novo\/?p=35766","title":{"rendered":"PM prende autores de roubo com ref\u00e9m em Mendes Pimentel"},"content":{"rendered":"<p><a href=\"http:\/\/www.portalmantena.com.br\/novo\/wp-content\/uploads\/2018\/08\/no270818roubo2-2.jpg\"><img loading=\"lazy\" class=\"alignnone size-full wp-image-35810\" src=\"http:\/\/www.portalmantena.com.br\/novo\/wp-content\/uploads\/2018\/08\/no270818roubo2-2.jpg\" alt=\"\" width=\"700\" height=\"450\" srcset=\"http:\/\/www.portalmantena.com.br\/novo\/wp-content\/uploads\/2018\/08\/no270818roubo2-2.jpg 700w, http:\/\/www.portalmantena.com.br\/novo\/wp-content\/uploads\/2018\/08\/no270818roubo2-2-300x193.jpg 300w, http:\/\/www.portalmantena.com.br\/novo\/wp-content\/uploads\/2018\/08\/no270818roubo2-2-696x447.jpg 696w, http:\/\/www.portalmantena.com.br\/novo\/wp-content\/uploads\/2018\/08\/no270818roubo2-2-653x420.jpg 653w\" sizes=\"(max-width: 700px) 100vw, 700px\" \/><\/a><\/p>\n<p><span style=\"font-size: 14pt;\">Na \u00faltima sexta-feira dia 24 de agosto, por volta da 09h35\u2019 a comandante da 18\u00aa cia PM Ind. de Mantena, Major Carla, recebeu informa\u00e7\u00f5es de que na cidade de Mendes Pimentel havia ocorrido um roubo \u00e0 m\u00e3o armada com ref\u00e9ns. <\/span><\/p>\n<p><span style=\"font-size: 14pt;\">Imediatamente foi formada uma equipe de Mantena e quando os policiais se deslocavam para a ocorr\u00eancia, j\u00e1 na sa\u00edda de Mantena, a equipe da comandante suspeitou de um ve\u00edculo gol, cor branca, no qual havia quatro pessoas, dentre as quais uma mulher. <\/span><\/p>\n<p><span style=\"font-size: 14pt;\">Quando os policiais retornaram para verificar o ve\u00edculo suspeito, o condutor do gol empreendeu alta velocidade evadindo da abordagem policial. Ap\u00f3s persegui\u00e7\u00e3o foi notado pela equipe que os indiv\u00edduos dispensavam objetos durante o percurso. <\/span><\/p>\n<p><span style=\"font-size: 14pt;\">Ap\u00f3s serem alcan\u00e7ados, os meliantes foram abordados e presos. Em seguida foi realizado varredura no percurso realizado durante a fuga, sendo encontrado R$5.500,00 reais em dinheiro, subtra\u00eddo da v\u00edtima, e um rev\u00f3lver calibre .32, municiado com quatro cartuchos, sendo um com a espoleta picotada. <\/span><\/p>\n<p><span style=\"font-size: 14pt;\">Foram encontrado ainda no porta-malas do gol uma sacola contendo v\u00e1rias j\u00f3ias e bijuterias, objetos estes subtra\u00eddo tamb\u00e9m da v\u00edtima. Em seguida os envolvidos e todo material apreendido foram encaminhados \u00e0 delegacia de pol\u00edcia, ficando \u00e0 disposi\u00e7\u00e3o da autoridade policial. (fonte\/foto:PM).<\/span><\/p>\n<p><a href=\"http:\/\/www.portalmantena.com.br\/novo\/wp-content\/uploads\/2018\/08\/no270818roubo1.jpg\"><img loading=\"lazy\" class=\"alignnone size-full wp-image-35767\" src=\"http:\/\/www.portalmantena.com.br\/novo\/wp-content\/uploads\/2018\/08\/no270818roubo1.jpg\" alt=\"\" width=\"700\" height=\"450\" srcset=\"http:\/\/www.portalmantena.com.br\/novo\/wp-content\/uploads\/2018\/08\/no270818roubo1.jpg 700w, http:\/\/www.portalmantena.com.br\/novo\/wp-content\/uploads\/2018\/08\/no270818roubo1-300x193.jpg 300w, http:\/\/www.portalmantena.com.br\/novo\/wp-content\/uploads\/2018\/08\/no270818roubo1-696x447.jpg 696w, http:\/\/www.portalmantena.com.br\/novo\/wp-content\/uploads\/2018\/08\/no270818roubo1-653x420.jpg 653w\" sizes=\"(max-width: 700px) 100vw, 700px\" \/><\/a><\/p>\n<p><span style=\"font-size: 10pt;\">ESPA\u00c7O EMPRESARIAL<\/span><img loading=\"lazy\" class=\"alignnone size-full wp-image-30339\" src=\"http:\/\/www.portalmantena.com.br\/novo\/wp-content\/uploads\/2018\/05\/casadastintas.jpg\" alt=\"\" width=\"700\" height=\"150\" srcset=\"http:\/\/www.portalmantena.com.br\/novo\/wp-content\/uploads\/2018\/05\/casadastintas.jpg 700w, http:\/\/www.portalmantena.com.br\/novo\/wp-content\/uploads\/2018\/05\/casadastintas-300x64.jpg 300w, http:\/\/www.portalmantena.com.br\/novo\/wp-content\/uploads\/2018\/05\/casadastintas-696x150.jpg 696w\" sizes=\"(max-width: 700px) 100vw, 700px\" \/><\/p>\n","protected":false},"excerpt":{"rendered":"<p>Na \u00faltima sexta-feira dia 24 de agosto, por volta da 09h35\u2019 a comandante da 18\u00aa cia PM Ind. de Mantena, Major Carla, recebeu informa\u00e7\u00f5es de que na cidade de Mendes Pimentel havia ocorrido um roubo \u00e0 m\u00e3o armada com ref\u00e9ns. Imediatamente foi formada uma equipe de Mantena e quando os policiais se deslocavam para a [&hellip;]<\/p>\n","protected":false},"author":1,"featured_media":35767,"comment_status":"open","ping_status":"open","sticky":false,"template":"","format":"standard","meta":[],"categories":[11,34],"tags":[],"_links":{"self":[{"href":"http:\/\/www.portalmantena.com.br\/novo\/index.php?rest_route=\/wp\/v2\/posts\/35766"}],"collection":[{"href":"http:\/\/www.portalmantena.com.br\/novo\/index.php?rest_route=\/wp\/v2\/posts"}],"about":[{"href":"http:\/\/www.portalmantena.com.br\/novo\/index.php?rest_route=\/wp\/v2\/types\/post"}],"author":[{"embeddable":true,"href":"http:\/\/www.portalmantena.com.br\/novo\/index.php?rest_route=\/wp\/v2\/users\/1"}],"replies":[{"embeddable":true,"href":"http:\/\/www.portalmantena.com.br\/novo\/index.php?rest_route=%2Fwp%2Fv2%2Fcomments&post=35766"}],"version-history":[{"count":2,"href":"http:\/\/www.portalmantena.com.br\/novo\/index.php?rest_route=\/wp\/v2\/posts\/35766\/revisions"}],"predecessor-version":[{"id":35811,"href":"http:\/\/www.portalmantena.com.br\/novo\/index.php?rest_route=\/wp\/v2\/posts\/35766\/revisions\/35811"}],"wp:featuredmedia":[{"embeddable":true,"href":"http:\/\/www.portalmantena.com.br\/novo\/index.php?rest_route=\/wp\/v2\/media\/35767"}],"wp:attachment":[{"href":"http:\/\/www.portalmantena.com.br\/novo\/index.php?rest_route=%2Fwp%2Fv2%2Fmedia&parent=35766"}],"wp:term":[{"taxonomy":"category","embeddable":true,"href":"http:\/\/www.portalmantena.com.br\/novo\/index.php?rest_route=%2Fwp%2Fv2%2Fcategories&post=35766"},{"taxonomy":"post_tag","embeddable":true,"href":"http:\/\/www.portalmantena.com.br\/novo\/index.php?rest_route=%2Fwp%2Fv2%2Ftags&post=35766"}],"curies":[{"name":"wp","href":"https:\/\/api.w.org\/{rel}","templated":true}]}}