{"id":35759,"date":"2018-08-27T11:34:33","date_gmt":"2018-08-27T14:34:33","guid":{"rendered":"http:\/\/www.portalmantena.com.br\/novo\/?p=35759"},"modified":"2018-08-27T11:34:33","modified_gmt":"2018-08-27T14:34:33","slug":"animal-na-pista-provoca-mais-um-grave-acidente-na-regiao","status":"publish","type":"post","link":"http:\/\/www.portalmantena.com.br\/novo\/?p=35759","title":{"rendered":"Animal na pista provoca mais um grave acidente na regi\u00e3o"},"content":{"rendered":"<p><a href=\"http:\/\/www.portalmantena.com.br\/novo\/wp-content\/uploads\/2018\/08\/no270818burro1.jpg\"><img loading=\"lazy\" class=\"alignnone size-full wp-image-35760\" src=\"http:\/\/www.portalmantena.com.br\/novo\/wp-content\/uploads\/2018\/08\/no270818burro1.jpg\" alt=\"\" width=\"700\" height=\"450\" srcset=\"http:\/\/www.portalmantena.com.br\/novo\/wp-content\/uploads\/2018\/08\/no270818burro1.jpg 700w, http:\/\/www.portalmantena.com.br\/novo\/wp-content\/uploads\/2018\/08\/no270818burro1-300x193.jpg 300w, http:\/\/www.portalmantena.com.br\/novo\/wp-content\/uploads\/2018\/08\/no270818burro1-696x447.jpg 696w, http:\/\/www.portalmantena.com.br\/novo\/wp-content\/uploads\/2018\/08\/no270818burro1-653x420.jpg 653w\" sizes=\"(max-width: 700px) 100vw, 700px\" \/><\/a><span style=\"font-size: 10pt;\">Fonte\/foto:noticiasnoleste<\/span><\/p>\n<p><span style=\"font-size: 14pt;\">Mais um grave acidente envolvendo animais soltos na pista, foi registrado na rodovia BR 259 pr\u00f3ximo do trevo de Galil\u00e9ia. <\/span><\/p>\n<p><span style=\"font-size: 14pt;\">O acidente foi no KM 103, da madrugada da \u00faltima quarta-feira dia 22 de agosto. Segundo o motorista do caminh\u00e3o acoplado ao reboque, envolvido no acidente, ele seguia sentido Resplendor para Itaobim, quando avistou um burro entrando na via, foi quando freou para evitar a batida, mas foi atingido na traseira por um caminh\u00e3o lotado de sucata. Com o impacto, o animal foi atropelado e morreu no local. <\/span><\/p>\n<p><span style=\"font-size: 14pt;\">O motorista do caminh\u00e3o foi levado para o hospital de Galil\u00e9ia e posteriormente encaminhado para o Hospital Regional de Governador Valadares. <\/span><\/p>\n<p><span style=\"font-size: 14pt;\">O Caminh\u00e3o de sucata saiu da estrada, e ficou bastante danificado, principalmente na parte frontal. O motorista do caminh\u00e3o do reboque nada sofreu. (fonte\/foto:noticiasnoleste).<\/span><\/p>\n<p><a href=\"http:\/\/www.portalmantena.com.br\/novo\/wp-content\/uploads\/2018\/08\/no270818burro3.jpg\"><img loading=\"lazy\" class=\"alignnone size-full wp-image-35762\" src=\"http:\/\/www.portalmantena.com.br\/novo\/wp-content\/uploads\/2018\/08\/no270818burro3.jpg\" alt=\"\" width=\"700\" height=\"450\" srcset=\"http:\/\/www.portalmantena.com.br\/novo\/wp-content\/uploads\/2018\/08\/no270818burro3.jpg 700w, http:\/\/www.portalmantena.com.br\/novo\/wp-content\/uploads\/2018\/08\/no270818burro3-300x193.jpg 300w, http:\/\/www.portalmantena.com.br\/novo\/wp-content\/uploads\/2018\/08\/no270818burro3-696x447.jpg 696w, http:\/\/www.portalmantena.com.br\/novo\/wp-content\/uploads\/2018\/08\/no270818burro3-653x420.jpg 653w\" sizes=\"(max-width: 700px) 100vw, 700px\" \/><\/a> <a href=\"http:\/\/www.portalmantena.com.br\/novo\/wp-content\/uploads\/2018\/08\/no270818burro4.jpg\"><img loading=\"lazy\" class=\"alignnone size-full wp-image-35763\" src=\"http:\/\/www.portalmantena.com.br\/novo\/wp-content\/uploads\/2018\/08\/no270818burro4.jpg\" alt=\"\" width=\"700\" height=\"450\" srcset=\"http:\/\/www.portalmantena.com.br\/novo\/wp-content\/uploads\/2018\/08\/no270818burro4.jpg 700w, http:\/\/www.portalmantena.com.br\/novo\/wp-content\/uploads\/2018\/08\/no270818burro4-300x193.jpg 300w, http:\/\/www.portalmantena.com.br\/novo\/wp-content\/uploads\/2018\/08\/no270818burro4-696x447.jpg 696w, http:\/\/www.portalmantena.com.br\/novo\/wp-content\/uploads\/2018\/08\/no270818burro4-653x420.jpg 653w\" sizes=\"(max-width: 700px) 100vw, 700px\" \/><\/a><\/p>\n<p><span style=\"font-size: 10pt;\">ESPA\u00c7O EMPRESARIAL<\/span><a href=\"https:\/\/www.facebook.com\/profile.php?id=100004934627949&amp;fref=ts\"><img loading=\"lazy\" class=\"alignnone size-full wp-image-29178\" src=\"http:\/\/www.portalmantena.com.br\/novo\/wp-content\/uploads\/2018\/05\/printcolor.jpg\" alt=\"\" width=\"700\" height=\"150\" srcset=\"http:\/\/www.portalmantena.com.br\/novo\/wp-content\/uploads\/2018\/05\/printcolor.jpg 700w, http:\/\/www.portalmantena.com.br\/novo\/wp-content\/uploads\/2018\/05\/printcolor-300x64.jpg 300w, http:\/\/www.portalmantena.com.br\/novo\/wp-content\/uploads\/2018\/05\/printcolor-696x150.jpg 696w\" sizes=\"(max-width: 700px) 100vw, 700px\" \/><\/a><\/p>\n","protected":false},"excerpt":{"rendered":"<p>Fonte\/foto:noticiasnoleste Mais um grave acidente envolvendo animais soltos na pista, foi registrado na rodovia BR 259 pr\u00f3ximo do trevo de Galil\u00e9ia. O acidente foi no KM 103, da madrugada da \u00faltima quarta-feira dia 22 de agosto. Segundo o motorista do caminh\u00e3o acoplado ao reboque, envolvido no acidente, ele seguia sentido Resplendor para Itaobim, quando avistou [&hellip;]<\/p>\n","protected":false},"author":1,"featured_media":35760,"comment_status":"open","ping_status":"open","sticky":false,"template":"","format":"standard","meta":[],"categories":[11,39],"tags":[],"_links":{"self":[{"href":"http:\/\/www.portalmantena.com.br\/novo\/index.php?rest_route=\/wp\/v2\/posts\/35759"}],"collection":[{"href":"http:\/\/www.portalmantena.com.br\/novo\/index.php?rest_route=\/wp\/v2\/posts"}],"about":[{"href":"http:\/\/www.portalmantena.com.br\/novo\/index.php?rest_route=\/wp\/v2\/types\/post"}],"author":[{"embeddable":true,"href":"http:\/\/www.portalmantena.com.br\/novo\/index.php?rest_route=\/wp\/v2\/users\/1"}],"replies":[{"embeddable":true,"href":"http:\/\/www.portalmantena.com.br\/novo\/index.php?rest_route=%2Fwp%2Fv2%2Fcomments&post=35759"}],"version-history":[{"count":1,"href":"http:\/\/www.portalmantena.com.br\/novo\/index.php?rest_route=\/wp\/v2\/posts\/35759\/revisions"}],"predecessor-version":[{"id":35764,"href":"http:\/\/www.portalmantena.com.br\/novo\/index.php?rest_route=\/wp\/v2\/posts\/35759\/revisions\/35764"}],"wp:featuredmedia":[{"embeddable":true,"href":"http:\/\/www.portalmantena.com.br\/novo\/index.php?rest_route=\/wp\/v2\/media\/35760"}],"wp:attachment":[{"href":"http:\/\/www.portalmantena.com.br\/novo\/index.php?rest_route=%2Fwp%2Fv2%2Fmedia&parent=35759"}],"wp:term":[{"taxonomy":"category","embeddable":true,"href":"http:\/\/www.portalmantena.com.br\/novo\/index.php?rest_route=%2Fwp%2Fv2%2Fcategories&post=35759"},{"taxonomy":"post_tag","embeddable":true,"href":"http:\/\/www.portalmantena.com.br\/novo\/index.php?rest_route=%2Fwp%2Fv2%2Ftags&post=35759"}],"curies":[{"name":"wp","href":"https:\/\/api.w.org\/{rel}","templated":true}]}}