{"id":35704,"date":"2018-08-24T13:22:53","date_gmt":"2018-08-24T16:22:53","guid":{"rendered":"http:\/\/www.portalmantena.com.br\/novo\/?p=35704"},"modified":"2018-08-24T13:22:53","modified_gmt":"2018-08-24T16:22:53","slug":"pm-apreende-arma-e-prente-tres-envolvidos-em-tentativa-de-homicidio","status":"publish","type":"post","link":"http:\/\/www.portalmantena.com.br\/novo\/?p=35704","title":{"rendered":"PM apreende arma e prente tr\u00eas envolvidos em tentativa de homic\u00eddio"},"content":{"rendered":"<p><a href=\"http:\/\/www.portalmantena.com.br\/novo\/wp-content\/uploads\/2018\/08\/no240818arma.jpg\"><img loading=\"lazy\" class=\"alignnone size-full wp-image-35706\" src=\"http:\/\/www.portalmantena.com.br\/novo\/wp-content\/uploads\/2018\/08\/no240818arma.jpg\" alt=\"\" width=\"700\" height=\"450\" srcset=\"http:\/\/www.portalmantena.com.br\/novo\/wp-content\/uploads\/2018\/08\/no240818arma.jpg 700w, http:\/\/www.portalmantena.com.br\/novo\/wp-content\/uploads\/2018\/08\/no240818arma-300x193.jpg 300w, http:\/\/www.portalmantena.com.br\/novo\/wp-content\/uploads\/2018\/08\/no240818arma-696x447.jpg 696w, http:\/\/www.portalmantena.com.br\/novo\/wp-content\/uploads\/2018\/08\/no240818arma-653x420.jpg 653w\" sizes=\"(max-width: 700px) 100vw, 700px\" \/><\/a><\/p>\n<p><span style=\"font-size: 14pt;\">Nesta quinta-feira dia 23 de agosto, Policiais Militares do Grupamento PM da cidade de Central de Minas receberam informa\u00e7\u00f5es da ocorr\u00eancia de disparos de arma de fogo na Rua Marechal Deodoro, e que uma pessoa havia sido socorrida ao hospital local, e outros tr\u00eas indiv\u00edduos haviam evadido em um ve\u00edculo, ainda n\u00e3o identificado. <\/span><\/p>\n<p><span style=\"font-size: 14pt;\">Os Militares deslocaram ao hospital, onde em contato com a v\u00edtima, ela repassou aos Militares as caracter\u00edsticas do ve\u00edculo (Siena e cor Cinza), bem como os nomes dos autores, informando ainda que eles haviam evadido sentido a cidade de Governador Valadares. <\/span><\/p>\n<p><span style=\"font-size: 14pt;\">Comunicado o fato ao Centro de Opera\u00e7\u00f5es da Pol\u00edcia Militar (COPOM) de Valadares, foi montado pelo centro um cerco bloqueio. Uma viatura de Mantena que estava em Governador Valadares durante o rastreamento deparou com o ve\u00edculo pr\u00f3ximo ao posto da Pol\u00edcia Militar Rodovi\u00e1ria do Distrito de S\u00e3o Vitor. <\/span><\/p>\n<p><span style=\"font-size: 14pt;\">Os Militares que estavam na viatura comunicou o fato ao COPOM, e passou a perseguir o ve\u00edculo, o qual foi abordado por Policiais Militares de Valadares, na chegada desta cidade. <\/span><\/p>\n<p><span style=\"font-size: 14pt;\">Tr\u00eas indiv\u00edduos foram presos, e ap\u00f3s buscas no ve\u00edculo, foi encontrado um rev\u00f3lver calibre .38, municiado com quatro cartuchos deflagrados e um intacto, bem como um fac\u00e3o. <\/span><\/p>\n<p><span style=\"font-size: 14pt;\">Segundo informa\u00e7\u00f5es, em seguida a equipe de Mantena deslocou para a cidade de Central de Minas, onde foi feito contato com a comandante da 18\u1d43 Cia PM Ind, senhora Major Carla, onde ap\u00f3s as demais dilig\u00eancias, os autores foram encaminhados a Delegacia de Mantena, onde foram autuados por tentativa de homic\u00eddio.(fonte\/foto:PM)<\/span><\/p>\n<p><span style=\"font-size: 10pt;\">ESPA\u00c7O EMPRESARIAL<\/span><a href=\"http:\/\/www.molvw.com.br\/\"><img loading=\"lazy\" class=\"alignnone size-full wp-image-29504\" src=\"http:\/\/www.portalmantena.com.br\/novo\/wp-content\/uploads\/2018\/05\/molvolkswagen.jpg\" alt=\"\" width=\"700\" height=\"150\" srcset=\"http:\/\/www.portalmantena.com.br\/novo\/wp-content\/uploads\/2018\/05\/molvolkswagen.jpg 700w, http:\/\/www.portalmantena.com.br\/novo\/wp-content\/uploads\/2018\/05\/molvolkswagen-300x64.jpg 300w, http:\/\/www.portalmantena.com.br\/novo\/wp-content\/uploads\/2018\/05\/molvolkswagen-696x150.jpg 696w\" sizes=\"(max-width: 700px) 100vw, 700px\" \/><\/a><\/p>\n","protected":false},"excerpt":{"rendered":"<p>Nesta quinta-feira dia 23 de agosto, Policiais Militares do Grupamento PM da cidade de Central de Minas receberam informa\u00e7\u00f5es da ocorr\u00eancia de disparos de arma de fogo na Rua Marechal Deodoro, e que uma pessoa havia sido socorrida ao hospital local, e outros tr\u00eas indiv\u00edduos haviam evadido em um ve\u00edculo, ainda n\u00e3o identificado. Os Militares [&hellip;]<\/p>\n","protected":false},"author":1,"featured_media":35706,"comment_status":"open","ping_status":"open","sticky":false,"template":"","format":"standard","meta":[],"categories":[11,34],"tags":[],"_links":{"self":[{"href":"http:\/\/www.portalmantena.com.br\/novo\/index.php?rest_route=\/wp\/v2\/posts\/35704"}],"collection":[{"href":"http:\/\/www.portalmantena.com.br\/novo\/index.php?rest_route=\/wp\/v2\/posts"}],"about":[{"href":"http:\/\/www.portalmantena.com.br\/novo\/index.php?rest_route=\/wp\/v2\/types\/post"}],"author":[{"embeddable":true,"href":"http:\/\/www.portalmantena.com.br\/novo\/index.php?rest_route=\/wp\/v2\/users\/1"}],"replies":[{"embeddable":true,"href":"http:\/\/www.portalmantena.com.br\/novo\/index.php?rest_route=%2Fwp%2Fv2%2Fcomments&post=35704"}],"version-history":[{"count":1,"href":"http:\/\/www.portalmantena.com.br\/novo\/index.php?rest_route=\/wp\/v2\/posts\/35704\/revisions"}],"predecessor-version":[{"id":35707,"href":"http:\/\/www.portalmantena.com.br\/novo\/index.php?rest_route=\/wp\/v2\/posts\/35704\/revisions\/35707"}],"wp:featuredmedia":[{"embeddable":true,"href":"http:\/\/www.portalmantena.com.br\/novo\/index.php?rest_route=\/wp\/v2\/media\/35706"}],"wp:attachment":[{"href":"http:\/\/www.portalmantena.com.br\/novo\/index.php?rest_route=%2Fwp%2Fv2%2Fmedia&parent=35704"}],"wp:term":[{"taxonomy":"category","embeddable":true,"href":"http:\/\/www.portalmantena.com.br\/novo\/index.php?rest_route=%2Fwp%2Fv2%2Fcategories&post=35704"},{"taxonomy":"post_tag","embeddable":true,"href":"http:\/\/www.portalmantena.com.br\/novo\/index.php?rest_route=%2Fwp%2Fv2%2Ftags&post=35704"}],"curies":[{"name":"wp","href":"https:\/\/api.w.org\/{rel}","templated":true}]}}