{"id":35524,"date":"2018-08-21T14:45:22","date_gmt":"2018-08-21T17:45:22","guid":{"rendered":"http:\/\/www.portalmantena.com.br\/novo\/?p=35524"},"modified":"2018-08-21T14:45:22","modified_gmt":"2018-08-21T17:45:22","slug":"ambev-encomenda-frota-de-16-mil-caminhoes-eletricos","status":"publish","type":"post","link":"http:\/\/www.portalmantena.com.br\/novo\/?p=35524","title":{"rendered":"AMBEV encomenda  frota de 1,6 mil caminh\u00f5es el\u00e9tricos"},"content":{"rendered":"<p><a href=\"http:\/\/www.portalmantena.com.br\/novo\/wp-content\/uploads\/2018\/08\/no210818variedade.jpg\"><img loading=\"lazy\" class=\"alignnone size-full wp-image-35525\" src=\"http:\/\/www.portalmantena.com.br\/novo\/wp-content\/uploads\/2018\/08\/no210818variedade.jpg\" alt=\"\" width=\"700\" height=\"450\" srcset=\"http:\/\/www.portalmantena.com.br\/novo\/wp-content\/uploads\/2018\/08\/no210818variedade.jpg 700w, http:\/\/www.portalmantena.com.br\/novo\/wp-content\/uploads\/2018\/08\/no210818variedade-300x193.jpg 300w, http:\/\/www.portalmantena.com.br\/novo\/wp-content\/uploads\/2018\/08\/no210818variedade-696x447.jpg 696w, http:\/\/www.portalmantena.com.br\/novo\/wp-content\/uploads\/2018\/08\/no210818variedade-653x420.jpg 653w\" sizes=\"(max-width: 700px) 100vw, 700px\" \/><\/a><\/p>\n<p><span style=\"font-size: 14pt;\">A Volkswagen Caminh\u00f5es e \u00d4nibus, com f\u00e1brica em Resende (RJ), recebeu na segunda-feira, (20), da Ambev pedido de 1,6 mil caminh\u00f5es el\u00e9tricos a serem entregues at\u00e9 2023. <\/span><\/p>\n<p><span style=\"font-size: 14pt;\">Com a iniciativa de ter 35% de sua frota movida a energia limpa nos pr\u00f3ximos cinco anos, a fabricante de bebidas vai receber o primeiro ve\u00edculo el\u00e9trico feito no Brasil ainda este ano. <\/span><\/p>\n<p><span style=\"font-size: 14pt;\">Dona das marcas Skol, Brahma e Antarctica, a Ambev receber\u00e1 a primeira unidade do e-Delivery, voltado a entregas urbanas, nos pr\u00f3ximos meses. <\/span><\/p>\n<p><span style=\"font-size: 14pt;\">Por enquanto \u00e9 um ve\u00edculo de teste, que poder\u00e1 receber altera\u00e7\u00f5es at\u00e9 o in\u00edcio da produ\u00e7\u00e3o em escala, prevista para 2020. Segundo Roberto Cortes, presidente da MAN Latin America, fabricante dos ve\u00edculos pesados da Volkswagen, esse \u00e9 primeiro caminh\u00e3o leve 100% el\u00e9trico feito na Am\u00e9rica Latina. <\/span><\/p>\n<p><span style=\"font-size: 14pt;\">O ve\u00edculo foi desenvolvido no Brasil, utilizando solu\u00e7\u00f5es mundiais. O projeto foi contemplado no investimento de R$ 1 bilh\u00e3o que o grupo tem programado para o per\u00edodo de 2016 a 2021. (fonte\/foto:hojeemdia)<\/span><\/p>\n<p>ESPA\u00c7O EMPRESARIAL<a href=\"https:\/\/www.facebook.com\/farmaciasdrogaminas\/?ref=br_rs\"><img loading=\"lazy\" class=\"alignnone size-full wp-image-30658\" src=\"http:\/\/www.portalmantena.com.br\/novo\/wp-content\/uploads\/2018\/05\/drogaminasfaixa.jpg\" alt=\"\" width=\"700\" height=\"150\" srcset=\"http:\/\/www.portalmantena.com.br\/novo\/wp-content\/uploads\/2018\/05\/drogaminasfaixa.jpg 700w, http:\/\/www.portalmantena.com.br\/novo\/wp-content\/uploads\/2018\/05\/drogaminasfaixa-300x64.jpg 300w, http:\/\/www.portalmantena.com.br\/novo\/wp-content\/uploads\/2018\/05\/drogaminasfaixa-696x150.jpg 696w\" sizes=\"(max-width: 700px) 100vw, 700px\" \/><\/a><\/p>\n","protected":false},"excerpt":{"rendered":"<p>A Volkswagen Caminh\u00f5es e \u00d4nibus, com f\u00e1brica em Resende (RJ), recebeu na segunda-feira, (20), da Ambev pedido de 1,6 mil caminh\u00f5es el\u00e9tricos a serem entregues at\u00e9 2023. Com a iniciativa de ter 35% de sua frota movida a energia limpa nos pr\u00f3ximos cinco anos, a fabricante de bebidas vai receber o primeiro ve\u00edculo el\u00e9trico feito [&hellip;]<\/p>\n","protected":false},"author":1,"featured_media":35525,"comment_status":"open","ping_status":"open","sticky":false,"template":"","format":"standard","meta":[],"categories":[74],"tags":[],"_links":{"self":[{"href":"http:\/\/www.portalmantena.com.br\/novo\/index.php?rest_route=\/wp\/v2\/posts\/35524"}],"collection":[{"href":"http:\/\/www.portalmantena.com.br\/novo\/index.php?rest_route=\/wp\/v2\/posts"}],"about":[{"href":"http:\/\/www.portalmantena.com.br\/novo\/index.php?rest_route=\/wp\/v2\/types\/post"}],"author":[{"embeddable":true,"href":"http:\/\/www.portalmantena.com.br\/novo\/index.php?rest_route=\/wp\/v2\/users\/1"}],"replies":[{"embeddable":true,"href":"http:\/\/www.portalmantena.com.br\/novo\/index.php?rest_route=%2Fwp%2Fv2%2Fcomments&post=35524"}],"version-history":[{"count":1,"href":"http:\/\/www.portalmantena.com.br\/novo\/index.php?rest_route=\/wp\/v2\/posts\/35524\/revisions"}],"predecessor-version":[{"id":35526,"href":"http:\/\/www.portalmantena.com.br\/novo\/index.php?rest_route=\/wp\/v2\/posts\/35524\/revisions\/35526"}],"wp:featuredmedia":[{"embeddable":true,"href":"http:\/\/www.portalmantena.com.br\/novo\/index.php?rest_route=\/wp\/v2\/media\/35525"}],"wp:attachment":[{"href":"http:\/\/www.portalmantena.com.br\/novo\/index.php?rest_route=%2Fwp%2Fv2%2Fmedia&parent=35524"}],"wp:term":[{"taxonomy":"category","embeddable":true,"href":"http:\/\/www.portalmantena.com.br\/novo\/index.php?rest_route=%2Fwp%2Fv2%2Fcategories&post=35524"},{"taxonomy":"post_tag","embeddable":true,"href":"http:\/\/www.portalmantena.com.br\/novo\/index.php?rest_route=%2Fwp%2Fv2%2Ftags&post=35524"}],"curies":[{"name":"wp","href":"https:\/\/api.w.org\/{rel}","templated":true}]}}