{"id":35514,"date":"2018-08-21T14:34:07","date_gmt":"2018-08-21T17:34:07","guid":{"rendered":"http:\/\/www.portalmantena.com.br\/novo\/?p=35514"},"modified":"2018-08-21T14:34:07","modified_gmt":"2018-08-21T17:34:07","slug":"mantenenses-fizeram-bonito-na-7a-etapa-do-team-penning","status":"publish","type":"post","link":"http:\/\/www.portalmantena.com.br\/novo\/?p=35514","title":{"rendered":"Mantenenses fizeram bonito na 7\u00aa etapa do Team Penning"},"content":{"rendered":"<p><a href=\"http:\/\/www.portalmantena.com.br\/novo\/wp-content\/uploads\/2018\/08\/VI210818cavalo8.jpg\"><img loading=\"lazy\" class=\"alignnone size-full wp-image-35522\" src=\"http:\/\/www.portalmantena.com.br\/novo\/wp-content\/uploads\/2018\/08\/VI210818cavalo8.jpg\" alt=\"\" width=\"700\" height=\"450\" srcset=\"http:\/\/www.portalmantena.com.br\/novo\/wp-content\/uploads\/2018\/08\/VI210818cavalo8.jpg 700w, http:\/\/www.portalmantena.com.br\/novo\/wp-content\/uploads\/2018\/08\/VI210818cavalo8-300x193.jpg 300w, http:\/\/www.portalmantena.com.br\/novo\/wp-content\/uploads\/2018\/08\/VI210818cavalo8-696x447.jpg 696w, http:\/\/www.portalmantena.com.br\/novo\/wp-content\/uploads\/2018\/08\/VI210818cavalo8-653x420.jpg 653w\" sizes=\"(max-width: 700px) 100vw, 700px\" \/><\/a><\/p>\n<p><span style=\"font-size: 14pt;\">Amigos mantenenses praticantes do esporte montado, participaram no \u00faltimo final de semana da 7\u00aa etapa do II Circuito Team Penning que aconteceu na cidade de S\u00e3o Jo\u00e3o do Manteninha. <\/span><\/p>\n<p><span style=\"font-size: 14pt;\">Foram v\u00e1rios competidores em um evento que vem reunindo a cada dia mais praticantes. <\/span><\/p>\n<p><span style=\"font-size: 14pt;\">A etapa iniciou na sexta-feira com competi\u00e7\u00e3o movimentada a partir das 19 horas, no s\u00e1bado o evento iniciou mais cedo pois a noite foi tamb\u00e9m de m\u00fasica ao vivo, show com a banda Espa\u00e7o G3 e muito forr\u00f3. <\/span><\/p>\n<p><span style=\"font-size: 14pt;\">No domingo, aconteceu o encontro das comitivas a partir das 13 horas e Pega de Bezerro \u00e0s 18 horas e na sequencia um sensacional show de forr\u00f3 fechou os dias de competi\u00e7\u00e3o. Mantenenses retornaram para casa com uma boa disputa e trof\u00e9us de 4\u00ba e 5\u00ba lugares.<\/span><\/p>\n<p><a href=\"http:\/\/www.portalmantena.com.br\/novo\/wp-content\/uploads\/2018\/08\/VI210818cavalo1.jpg\"><img loading=\"lazy\" class=\"alignnone size-full wp-image-35515\" src=\"http:\/\/www.portalmantena.com.br\/novo\/wp-content\/uploads\/2018\/08\/VI210818cavalo1.jpg\" alt=\"\" width=\"700\" height=\"450\" srcset=\"http:\/\/www.portalmantena.com.br\/novo\/wp-content\/uploads\/2018\/08\/VI210818cavalo1.jpg 700w, http:\/\/www.portalmantena.com.br\/novo\/wp-content\/uploads\/2018\/08\/VI210818cavalo1-300x193.jpg 300w, http:\/\/www.portalmantena.com.br\/novo\/wp-content\/uploads\/2018\/08\/VI210818cavalo1-696x447.jpg 696w, http:\/\/www.portalmantena.com.br\/novo\/wp-content\/uploads\/2018\/08\/VI210818cavalo1-653x420.jpg 653w\" sizes=\"(max-width: 700px) 100vw, 700px\" \/><\/a><span style=\"font-size: 10pt;\">Jo\u00e3o Mateus e Herivelton\u00a0 (Mantenopolis ) e Marcelo Pontes ( Mantena) 5\u00ba lugar<\/span><\/p>\n<p><a href=\"http:\/\/www.portalmantena.com.br\/novo\/wp-content\/uploads\/2018\/08\/VI210818cavalo2.jpg\"><img loading=\"lazy\" class=\"alignnone size-full wp-image-35516\" src=\"http:\/\/www.portalmantena.com.br\/novo\/wp-content\/uploads\/2018\/08\/VI210818cavalo2.jpg\" alt=\"\" width=\"700\" height=\"450\" srcset=\"http:\/\/www.portalmantena.com.br\/novo\/wp-content\/uploads\/2018\/08\/VI210818cavalo2.jpg 700w, http:\/\/www.portalmantena.com.br\/novo\/wp-content\/uploads\/2018\/08\/VI210818cavalo2-300x193.jpg 300w, http:\/\/www.portalmantena.com.br\/novo\/wp-content\/uploads\/2018\/08\/VI210818cavalo2-696x447.jpg 696w, http:\/\/www.portalmantena.com.br\/novo\/wp-content\/uploads\/2018\/08\/VI210818cavalo2-653x420.jpg 653w\" sizes=\"(max-width: 700px) 100vw, 700px\" \/><\/a><span style=\"font-size: 10pt;\">Hualdson (Mantena ), Mimi (Central de Minas) e zebra (Mantena) , 4\u00ba lugar<\/span><\/p>\n<p><a href=\"http:\/\/www.portalmantena.com.br\/novo\/wp-content\/uploads\/2018\/08\/VI210818cavalo3.jpg\"><img loading=\"lazy\" class=\"alignnone size-full wp-image-35517\" src=\"http:\/\/www.portalmantena.com.br\/novo\/wp-content\/uploads\/2018\/08\/VI210818cavalo3.jpg\" alt=\"\" width=\"700\" height=\"450\" srcset=\"http:\/\/www.portalmantena.com.br\/novo\/wp-content\/uploads\/2018\/08\/VI210818cavalo3.jpg 700w, http:\/\/www.portalmantena.com.br\/novo\/wp-content\/uploads\/2018\/08\/VI210818cavalo3-300x193.jpg 300w, http:\/\/www.portalmantena.com.br\/novo\/wp-content\/uploads\/2018\/08\/VI210818cavalo3-696x447.jpg 696w, http:\/\/www.portalmantena.com.br\/novo\/wp-content\/uploads\/2018\/08\/VI210818cavalo3-653x420.jpg 653w\" sizes=\"(max-width: 700px) 100vw, 700px\" \/><\/a> <a href=\"http:\/\/www.portalmantena.com.br\/novo\/wp-content\/uploads\/2018\/08\/VI210818cavalo4.jpg\"><img loading=\"lazy\" class=\"alignnone size-full wp-image-35518\" src=\"http:\/\/www.portalmantena.com.br\/novo\/wp-content\/uploads\/2018\/08\/VI210818cavalo4.jpg\" alt=\"\" width=\"700\" height=\"450\" srcset=\"http:\/\/www.portalmantena.com.br\/novo\/wp-content\/uploads\/2018\/08\/VI210818cavalo4.jpg 700w, http:\/\/www.portalmantena.com.br\/novo\/wp-content\/uploads\/2018\/08\/VI210818cavalo4-300x193.jpg 300w, http:\/\/www.portalmantena.com.br\/novo\/wp-content\/uploads\/2018\/08\/VI210818cavalo4-696x447.jpg 696w, http:\/\/www.portalmantena.com.br\/novo\/wp-content\/uploads\/2018\/08\/VI210818cavalo4-653x420.jpg 653w\" sizes=\"(max-width: 700px) 100vw, 700px\" \/><\/a><a href=\"http:\/\/www.portalmantena.com.br\/novo\/wp-content\/uploads\/2018\/08\/VI210818cavalo6.jpg\"><img loading=\"lazy\" class=\"alignnone size-full wp-image-35520\" src=\"http:\/\/www.portalmantena.com.br\/novo\/wp-content\/uploads\/2018\/08\/VI210818cavalo6.jpg\" alt=\"\" width=\"700\" height=\"450\" srcset=\"http:\/\/www.portalmantena.com.br\/novo\/wp-content\/uploads\/2018\/08\/VI210818cavalo6.jpg 700w, http:\/\/www.portalmantena.com.br\/novo\/wp-content\/uploads\/2018\/08\/VI210818cavalo6-300x193.jpg 300w, http:\/\/www.portalmantena.com.br\/novo\/wp-content\/uploads\/2018\/08\/VI210818cavalo6-696x447.jpg 696w, http:\/\/www.portalmantena.com.br\/novo\/wp-content\/uploads\/2018\/08\/VI210818cavalo6-653x420.jpg 653w\" sizes=\"(max-width: 700px) 100vw, 700px\" \/><\/a><a href=\"http:\/\/www.portalmantena.com.br\/novo\/wp-content\/uploads\/2018\/08\/VI210818cavalo8.jpg\"><img loading=\"lazy\" class=\"alignnone size-full wp-image-35522\" src=\"http:\/\/www.portalmantena.com.br\/novo\/wp-content\/uploads\/2018\/08\/VI210818cavalo8.jpg\" alt=\"\" width=\"700\" height=\"450\" srcset=\"http:\/\/www.portalmantena.com.br\/novo\/wp-content\/uploads\/2018\/08\/VI210818cavalo8.jpg 700w, http:\/\/www.portalmantena.com.br\/novo\/wp-content\/uploads\/2018\/08\/VI210818cavalo8-300x193.jpg 300w, http:\/\/www.portalmantena.com.br\/novo\/wp-content\/uploads\/2018\/08\/VI210818cavalo8-696x447.jpg 696w, http:\/\/www.portalmantena.com.br\/novo\/wp-content\/uploads\/2018\/08\/VI210818cavalo8-653x420.jpg 653w\" sizes=\"(max-width: 700px) 100vw, 700px\" \/><\/a><span style=\"font-size: 10pt;\">Da esquerda para a direita: Hugo Garcia, Marcelo Pontes, Lucas Martins, expedito J\u00fanior, Larissa luz e Marcio Lol\u00f3.<\/span><\/p>\n<p><a href=\"http:\/\/www.portalmantena.com.br\/novo\/wp-content\/uploads\/2018\/08\/VI210818cavalo7.jpg\"><img loading=\"lazy\" class=\"alignnone size-full wp-image-35521\" src=\"http:\/\/www.portalmantena.com.br\/novo\/wp-content\/uploads\/2018\/08\/VI210818cavalo7.jpg\" alt=\"\" width=\"700\" height=\"450\" srcset=\"http:\/\/www.portalmantena.com.br\/novo\/wp-content\/uploads\/2018\/08\/VI210818cavalo7.jpg 700w, http:\/\/www.portalmantena.com.br\/novo\/wp-content\/uploads\/2018\/08\/VI210818cavalo7-300x193.jpg 300w, http:\/\/www.portalmantena.com.br\/novo\/wp-content\/uploads\/2018\/08\/VI210818cavalo7-696x447.jpg 696w, http:\/\/www.portalmantena.com.br\/novo\/wp-content\/uploads\/2018\/08\/VI210818cavalo7-653x420.jpg 653w\" sizes=\"(max-width: 700px) 100vw, 700px\" \/><\/a><a href=\"http:\/\/www.portalmantena.com.br\/novo\/wp-content\/uploads\/2018\/08\/VI210818cavalo5.jpg\"><img loading=\"lazy\" class=\"alignnone size-full wp-image-35519\" src=\"http:\/\/www.portalmantena.com.br\/novo\/wp-content\/uploads\/2018\/08\/VI210818cavalo5.jpg\" alt=\"\" width=\"700\" height=\"450\" srcset=\"http:\/\/www.portalmantena.com.br\/novo\/wp-content\/uploads\/2018\/08\/VI210818cavalo5.jpg 700w, http:\/\/www.portalmantena.com.br\/novo\/wp-content\/uploads\/2018\/08\/VI210818cavalo5-300x193.jpg 300w, http:\/\/www.portalmantena.com.br\/novo\/wp-content\/uploads\/2018\/08\/VI210818cavalo5-696x447.jpg 696w, http:\/\/www.portalmantena.com.br\/novo\/wp-content\/uploads\/2018\/08\/VI210818cavalo5-653x420.jpg 653w\" sizes=\"(max-width: 700px) 100vw, 700px\" \/><\/a><\/p>\n<p><span style=\"font-size: 10pt;\">ESPA\u00c7O EMPRESARIAL<\/span><a href=\"https:\/\/www.facebook.com\/Tekol-Basic-1148561818529027\/\"><img src=\"http:\/\/www.portalmantena.com.br\/novo\/wp-content\/uploads\/2018\/08\/tekol210818b-1.jpg\" \/><\/a><\/p>\n","protected":false},"excerpt":{"rendered":"<p>Amigos mantenenses praticantes do esporte montado, participaram no \u00faltimo final de semana da 7\u00aa etapa do II Circuito Team Penning que aconteceu na cidade de S\u00e3o Jo\u00e3o do Manteninha. Foram v\u00e1rios competidores em um evento que vem reunindo a cada dia mais praticantes. A etapa iniciou na sexta-feira com competi\u00e7\u00e3o movimentada a partir das 19 [&hellip;]<\/p>\n","protected":false},"author":1,"featured_media":35522,"comment_status":"open","ping_status":"open","sticky":false,"template":"","format":"standard","meta":[],"categories":[22],"tags":[],"_links":{"self":[{"href":"http:\/\/www.portalmantena.com.br\/novo\/index.php?rest_route=\/wp\/v2\/posts\/35514"}],"collection":[{"href":"http:\/\/www.portalmantena.com.br\/novo\/index.php?rest_route=\/wp\/v2\/posts"}],"about":[{"href":"http:\/\/www.portalmantena.com.br\/novo\/index.php?rest_route=\/wp\/v2\/types\/post"}],"author":[{"embeddable":true,"href":"http:\/\/www.portalmantena.com.br\/novo\/index.php?rest_route=\/wp\/v2\/users\/1"}],"replies":[{"embeddable":true,"href":"http:\/\/www.portalmantena.com.br\/novo\/index.php?rest_route=%2Fwp%2Fv2%2Fcomments&post=35514"}],"version-history":[{"count":1,"href":"http:\/\/www.portalmantena.com.br\/novo\/index.php?rest_route=\/wp\/v2\/posts\/35514\/revisions"}],"predecessor-version":[{"id":35523,"href":"http:\/\/www.portalmantena.com.br\/novo\/index.php?rest_route=\/wp\/v2\/posts\/35514\/revisions\/35523"}],"wp:featuredmedia":[{"embeddable":true,"href":"http:\/\/www.portalmantena.com.br\/novo\/index.php?rest_route=\/wp\/v2\/media\/35522"}],"wp:attachment":[{"href":"http:\/\/www.portalmantena.com.br\/novo\/index.php?rest_route=%2Fwp%2Fv2%2Fmedia&parent=35514"}],"wp:term":[{"taxonomy":"category","embeddable":true,"href":"http:\/\/www.portalmantena.com.br\/novo\/index.php?rest_route=%2Fwp%2Fv2%2Fcategories&post=35514"},{"taxonomy":"post_tag","embeddable":true,"href":"http:\/\/www.portalmantena.com.br\/novo\/index.php?rest_route=%2Fwp%2Fv2%2Ftags&post=35514"}],"curies":[{"name":"wp","href":"https:\/\/api.w.org\/{rel}","templated":true}]}}