{"id":35502,"date":"2018-08-21T11:31:58","date_gmt":"2018-08-21T14:31:58","guid":{"rendered":"http:\/\/www.portalmantena.com.br\/novo\/?p=35502"},"modified":"2018-08-21T11:31:58","modified_gmt":"2018-08-21T14:31:58","slug":"19ago-encontro-de-trilheiros-movimentou-mendes-pimentel","status":"publish","type":"post","link":"http:\/\/www.portalmantena.com.br\/novo\/?p=35502","title":{"rendered":"19AGO &#8211; Encontro de Trilheiros movimentou Mendes Pimentel"},"content":{"rendered":"<p><strong><a href=\"http:\/\/www.portalmantena.com.br\/novo\/wp-content\/uploads\/2017\/06\/diabaner-1.jpg\"><img loading=\"lazy\" class=\"alignnone size-full wp-image-8000\" src=\"http:\/\/www.portalmantena.com.br\/novo\/wp-content\/uploads\/2017\/06\/diabaner-1.jpg\" alt=\"\" width=\"650\" height=\"100\" srcset=\"http:\/\/www.portalmantena.com.br\/novo\/wp-content\/uploads\/2017\/06\/diabaner-1.jpg 650w, http:\/\/www.portalmantena.com.br\/novo\/wp-content\/uploads\/2017\/06\/diabaner-1-300x46.jpg 300w\" sizes=\"(max-width: 650px) 100vw, 650px\" \/><\/a><\/strong><a href=\"http:\/\/www.portalmantena.com.br\/novo\/wp-content\/uploads\/2018\/08\/dia210818a.jpg\"><img loading=\"lazy\" class=\"alignnone size-full wp-image-35503\" src=\"http:\/\/www.portalmantena.com.br\/novo\/wp-content\/uploads\/2018\/08\/dia210818a.jpg\" alt=\"\" width=\"700\" height=\"450\" srcset=\"http:\/\/www.portalmantena.com.br\/novo\/wp-content\/uploads\/2018\/08\/dia210818a.jpg 700w, http:\/\/www.portalmantena.com.br\/novo\/wp-content\/uploads\/2018\/08\/dia210818a-300x193.jpg 300w, http:\/\/www.portalmantena.com.br\/novo\/wp-content\/uploads\/2018\/08\/dia210818a-696x447.jpg 696w, http:\/\/www.portalmantena.com.br\/novo\/wp-content\/uploads\/2018\/08\/dia210818a-653x420.jpg 653w\" sizes=\"(max-width: 700px) 100vw, 700px\" \/><\/a><\/p>\n<p><strong>19\u00a0de Agosto<\/strong>\u00a0&#8211;\u00a0Muitos motociclistas apoiaram e participaram da realiza\u00e7\u00e3o do 3\u00ba Trilh\u00e3o na cidade de Mendes Pimentel neste domingo. Belas trilhas, hora de reencontrar amigos e praticar a trilha em meio \u00e0 natureza.<\/p>\n<p>Um programa que agradou muito e mais uma vez movimentou o esporte a motor na regi\u00e3o.<\/p>\n<p><span style=\"font-size: 10pt;\">ESPA\u00c7O EMPRESARIAL<\/span><a href=\"http:\/\/www.molvw.com.br\/\"><img loading=\"lazy\" class=\"alignnone size-full wp-image-29504\" src=\"http:\/\/www.portalmantena.com.br\/novo\/wp-content\/uploads\/2018\/05\/molvolkswagen.jpg\" alt=\"\" width=\"700\" height=\"150\" srcset=\"http:\/\/www.portalmantena.com.br\/novo\/wp-content\/uploads\/2018\/05\/molvolkswagen.jpg 700w, http:\/\/www.portalmantena.com.br\/novo\/wp-content\/uploads\/2018\/05\/molvolkswagen-300x64.jpg 300w, http:\/\/www.portalmantena.com.br\/novo\/wp-content\/uploads\/2018\/05\/molvolkswagen-696x150.jpg 696w\" sizes=\"(max-width: 700px) 100vw, 700px\" \/><\/a><\/p>\n","protected":false},"excerpt":{"rendered":"<p>19\u00a0de Agosto\u00a0&#8211;\u00a0Muitos motociclistas apoiaram e participaram da realiza\u00e7\u00e3o do 3\u00ba Trilh\u00e3o na cidade de Mendes Pimentel neste domingo. Belas trilhas, hora de reencontrar amigos e praticar a trilha em meio \u00e0 natureza. Um programa que agradou muito e mais uma vez movimentou o esporte a motor na regi\u00e3o. ESPA\u00c7O EMPRESARIAL<\/p>\n","protected":false},"author":1,"featured_media":35503,"comment_status":"open","ping_status":"open","sticky":false,"template":"","format":"standard","meta":[],"categories":[50],"tags":[],"_links":{"self":[{"href":"http:\/\/www.portalmantena.com.br\/novo\/index.php?rest_route=\/wp\/v2\/posts\/35502"}],"collection":[{"href":"http:\/\/www.portalmantena.com.br\/novo\/index.php?rest_route=\/wp\/v2\/posts"}],"about":[{"href":"http:\/\/www.portalmantena.com.br\/novo\/index.php?rest_route=\/wp\/v2\/types\/post"}],"author":[{"embeddable":true,"href":"http:\/\/www.portalmantena.com.br\/novo\/index.php?rest_route=\/wp\/v2\/users\/1"}],"replies":[{"embeddable":true,"href":"http:\/\/www.portalmantena.com.br\/novo\/index.php?rest_route=%2Fwp%2Fv2%2Fcomments&post=35502"}],"version-history":[{"count":1,"href":"http:\/\/www.portalmantena.com.br\/novo\/index.php?rest_route=\/wp\/v2\/posts\/35502\/revisions"}],"predecessor-version":[{"id":35505,"href":"http:\/\/www.portalmantena.com.br\/novo\/index.php?rest_route=\/wp\/v2\/posts\/35502\/revisions\/35505"}],"wp:featuredmedia":[{"embeddable":true,"href":"http:\/\/www.portalmantena.com.br\/novo\/index.php?rest_route=\/wp\/v2\/media\/35503"}],"wp:attachment":[{"href":"http:\/\/www.portalmantena.com.br\/novo\/index.php?rest_route=%2Fwp%2Fv2%2Fmedia&parent=35502"}],"wp:term":[{"taxonomy":"category","embeddable":true,"href":"http:\/\/www.portalmantena.com.br\/novo\/index.php?rest_route=%2Fwp%2Fv2%2Fcategories&post=35502"},{"taxonomy":"post_tag","embeddable":true,"href":"http:\/\/www.portalmantena.com.br\/novo\/index.php?rest_route=%2Fwp%2Fv2%2Ftags&post=35502"}],"curies":[{"name":"wp","href":"https:\/\/api.w.org\/{rel}","templated":true}]}}