{"id":35098,"date":"2018-08-14T20:01:16","date_gmt":"2018-08-14T23:01:16","guid":{"rendered":"http:\/\/www.portalmantena.com.br\/novo\/?p=35098"},"modified":"2018-08-14T13:50:40","modified_gmt":"2018-08-14T16:50:40","slug":"termina-nesta-quarta-15-as-inscricoes-para-cursos-tecnicos-em-mantena","status":"publish","type":"post","link":"http:\/\/www.portalmantena.com.br\/novo\/?p=35098","title":{"rendered":"Termina nesta quarta (15) as inscri\u00e7\u00f5es para Cursos T\u00e9cnicos em Mantena"},"content":{"rendered":"<p><a href=\"http:\/\/www.portalmantena.com.br\/novo\/wp-content\/uploads\/2018\/08\/no140818curso.jpg\"><img loading=\"lazy\" class=\"alignnone size-full wp-image-35099\" src=\"http:\/\/www.portalmantena.com.br\/novo\/wp-content\/uploads\/2018\/08\/no140818curso.jpg\" alt=\"\" width=\"700\" height=\"450\" srcset=\"http:\/\/www.portalmantena.com.br\/novo\/wp-content\/uploads\/2018\/08\/no140818curso.jpg 700w, http:\/\/www.portalmantena.com.br\/novo\/wp-content\/uploads\/2018\/08\/no140818curso-300x193.jpg 300w, http:\/\/www.portalmantena.com.br\/novo\/wp-content\/uploads\/2018\/08\/no140818curso-696x447.jpg 696w, http:\/\/www.portalmantena.com.br\/novo\/wp-content\/uploads\/2018\/08\/no140818curso-653x420.jpg 653w\" sizes=\"(max-width: 700px) 100vw, 700px\" \/><\/a><\/p>\n<p><span style=\"font-size: 14pt;\">Est\u00e3o abertas em Mantena, as pr\u00e9 inscri\u00e7\u00f5es para demanda de Cursos T\u00e9cnicos em 2019, na Escola Estadual Professora Zilda Pinheiro da Silva. <\/span><\/p>\n<p><span style=\"font-size: 14pt;\">Lembrando que os cursos s\u00e3o: T\u00e9cnico em Marketing; T\u00e9cnico em Recursos Humanos; T\u00e9cnico em Log\u00edstica; T\u00e9cnico em Inform\u00e1tica para internet e Curso Normal em N\u00edvel M\u00e9dio (Educa\u00e7\u00e3o Infantil). <\/span><\/p>\n<p><span style=\"font-size: 14pt;\">Para os interessados bem como para outras informa\u00e7\u00f5es, podem se dirigir at\u00e9 a Secretaria da Escola situada \u00e0 rua Joel Baia, 77 no bairro Vila Nova em Mantena, no per\u00edodo que se encerra nesta quarta-feira dia 15 de agosto, de 7 \u00e0s 20h30&#8242;.<\/span><\/p>\n<p><span style=\"font-size: 10pt;\">ESPA\u00c7O EMPRESARIAL<\/span><a href=\"https:\/\/www.facebook.com\/profile.php?id=100004934627949&amp;fref=ts\"><img loading=\"lazy\" class=\"alignnone size-full wp-image-29178\" src=\"http:\/\/www.portalmantena.com.br\/novo\/wp-content\/uploads\/2018\/05\/printcolor.jpg\" alt=\"\" width=\"700\" height=\"150\" srcset=\"http:\/\/www.portalmantena.com.br\/novo\/wp-content\/uploads\/2018\/05\/printcolor.jpg 700w, http:\/\/www.portalmantena.com.br\/novo\/wp-content\/uploads\/2018\/05\/printcolor-300x64.jpg 300w, http:\/\/www.portalmantena.com.br\/novo\/wp-content\/uploads\/2018\/05\/printcolor-696x150.jpg 696w\" sizes=\"(max-width: 700px) 100vw, 700px\" \/><\/a><\/p>\n","protected":false},"excerpt":{"rendered":"<p>Est\u00e3o abertas em Mantena, as pr\u00e9 inscri\u00e7\u00f5es para demanda de Cursos T\u00e9cnicos em 2019, na Escola Estadual Professora Zilda Pinheiro da Silva. Lembrando que os cursos s\u00e3o: T\u00e9cnico em Marketing; T\u00e9cnico em Recursos Humanos; T\u00e9cnico em Log\u00edstica; T\u00e9cnico em Inform\u00e1tica para internet e Curso Normal em N\u00edvel M\u00e9dio (Educa\u00e7\u00e3o Infantil). Para os interessados bem como [&hellip;]<\/p>\n","protected":false},"author":1,"featured_media":35099,"comment_status":"open","ping_status":"open","sticky":false,"template":"","format":"standard","meta":[],"categories":[36,11],"tags":[],"_links":{"self":[{"href":"http:\/\/www.portalmantena.com.br\/novo\/index.php?rest_route=\/wp\/v2\/posts\/35098"}],"collection":[{"href":"http:\/\/www.portalmantena.com.br\/novo\/index.php?rest_route=\/wp\/v2\/posts"}],"about":[{"href":"http:\/\/www.portalmantena.com.br\/novo\/index.php?rest_route=\/wp\/v2\/types\/post"}],"author":[{"embeddable":true,"href":"http:\/\/www.portalmantena.com.br\/novo\/index.php?rest_route=\/wp\/v2\/users\/1"}],"replies":[{"embeddable":true,"href":"http:\/\/www.portalmantena.com.br\/novo\/index.php?rest_route=%2Fwp%2Fv2%2Fcomments&post=35098"}],"version-history":[{"count":1,"href":"http:\/\/www.portalmantena.com.br\/novo\/index.php?rest_route=\/wp\/v2\/posts\/35098\/revisions"}],"predecessor-version":[{"id":35100,"href":"http:\/\/www.portalmantena.com.br\/novo\/index.php?rest_route=\/wp\/v2\/posts\/35098\/revisions\/35100"}],"wp:featuredmedia":[{"embeddable":true,"href":"http:\/\/www.portalmantena.com.br\/novo\/index.php?rest_route=\/wp\/v2\/media\/35099"}],"wp:attachment":[{"href":"http:\/\/www.portalmantena.com.br\/novo\/index.php?rest_route=%2Fwp%2Fv2%2Fmedia&parent=35098"}],"wp:term":[{"taxonomy":"category","embeddable":true,"href":"http:\/\/www.portalmantena.com.br\/novo\/index.php?rest_route=%2Fwp%2Fv2%2Fcategories&post=35098"},{"taxonomy":"post_tag","embeddable":true,"href":"http:\/\/www.portalmantena.com.br\/novo\/index.php?rest_route=%2Fwp%2Fv2%2Ftags&post=35098"}],"curies":[{"name":"wp","href":"https:\/\/api.w.org\/{rel}","templated":true}]}}