{"id":35082,"date":"2018-08-14T11:06:09","date_gmt":"2018-08-14T14:06:09","guid":{"rendered":"http:\/\/www.portalmantena.com.br\/novo\/?p=35082"},"modified":"2020-06-10T10:16:39","modified_gmt":"2020-06-10T13:16:39","slug":"vereador-paulinho-e-diretor-do-saae-visitam-santa-rita","status":"publish","type":"post","link":"http:\/\/www.portalmantena.com.br\/novo\/?p=35082","title":{"rendered":"Vereador Paulinho e diretor do SAAE visitam Santa Rita"},"content":{"rendered":"<p><a href=\"http:\/\/www.portalmantena.com.br\/novo\/wp-content\/uploads\/2018\/08\/no140818paulo1.jpg\"><img loading=\"lazy\" class=\"alignnone size-full wp-image-35083\" src=\"http:\/\/www.portalmantena.com.br\/novo\/wp-content\/uploads\/2018\/08\/no140818paulo1.jpg\" alt=\"\" width=\"700\" height=\"450\" srcset=\"http:\/\/www.portalmantena.com.br\/novo\/wp-content\/uploads\/2018\/08\/no140818paulo1.jpg 700w, http:\/\/www.portalmantena.com.br\/novo\/wp-content\/uploads\/2018\/08\/no140818paulo1-300x193.jpg 300w, http:\/\/www.portalmantena.com.br\/novo\/wp-content\/uploads\/2018\/08\/no140818paulo1-696x447.jpg 696w, http:\/\/www.portalmantena.com.br\/novo\/wp-content\/uploads\/2018\/08\/no140818paulo1-653x420.jpg 653w\" sizes=\"(max-width: 700px) 100vw, 700px\" \/><\/a><\/p>\n<p><span style=\"font-size: 14pt;\">Sempre atento \u00e0s demandas das comunidades no munic\u00edpio de Mantena, o vereador mantenense Paulo Mariano, o Paulinho do Loteamento, percorre as localidades ao redor do munic\u00edpio, e na manh\u00e3 desta segunda-feira dia 13 de agosto, esteve no povoado de Santa Rita acompanhando o diretor do SAAE, o Sr. Paulo Ab\u00edlio. <\/span><\/p>\n<p><span style=\"font-size: 14pt;\">Na ocasi\u00e3o o vereador viu de perto das demandas que aquelas fam\u00edlias tem de prioridade, entre elas a \u00e1gua tratada, onde um projeto tanto para a constru\u00e7\u00e3o de uma rede de \u00e1gua bem como de rede de esgoto est\u00e1 sendo estudado pelo SAAE. <\/span><\/p>\n<p><span style=\"font-size: 14pt;\">O vereador est\u00e1 sempre presente nestas quest\u00f5es, acompanhando de perto o belo trabalho realizado pela autarquia n\u00e3o apenas na sede, mas nos distritos, povoados e comunidades onde a \u00e1gua \u00e9 prioridade para a subsist\u00eancias das fam\u00edlias. <\/span><\/p>\n<p><span style=\"font-size: 14pt;\">O vereador tem se empenhado e apoiado as iniciativas e projetos que a autarquia segue implementando, principalmente neste momento de estiagem onde pela falta de chuva, muitos acabam sofrendo.<\/span><\/p>\n<p><a href=\"http:\/\/www.portalmantena.com.br\/novo\/wp-content\/uploads\/2018\/08\/no140818paulo2.jpg\"><img loading=\"lazy\" class=\"alignnone size-full wp-image-35084\" src=\"http:\/\/www.portalmantena.com.br\/novo\/wp-content\/uploads\/2018\/08\/no140818paulo2.jpg\" alt=\"\" width=\"700\" height=\"450\" srcset=\"http:\/\/www.portalmantena.com.br\/novo\/wp-content\/uploads\/2018\/08\/no140818paulo2.jpg 700w, http:\/\/www.portalmantena.com.br\/novo\/wp-content\/uploads\/2018\/08\/no140818paulo2-300x193.jpg 300w, http:\/\/www.portalmantena.com.br\/novo\/wp-content\/uploads\/2018\/08\/no140818paulo2-696x447.jpg 696w, http:\/\/www.portalmantena.com.br\/novo\/wp-content\/uploads\/2018\/08\/no140818paulo2-653x420.jpg 653w\" sizes=\"(max-width: 700px) 100vw, 700px\" \/><\/a><\/p>\n<p><span style=\"font-size: 10pt;\">ESPA\u00c7O EMPRESARIAL<\/span><a href=\"https:\/\/www.facebook.com\/profile.php?id=100004934627949&amp;fref=ts\"><img loading=\"lazy\" class=\"alignnone size-full wp-image-29178\" src=\"http:\/\/www.portalmantena.com.br\/novo\/wp-content\/uploads\/2018\/05\/printcolor.jpg\" alt=\"\" width=\"700\" height=\"150\" srcset=\"http:\/\/www.portalmantena.com.br\/novo\/wp-content\/uploads\/2018\/05\/printcolor.jpg 700w, http:\/\/www.portalmantena.com.br\/novo\/wp-content\/uploads\/2018\/05\/printcolor-300x64.jpg 300w, http:\/\/www.portalmantena.com.br\/novo\/wp-content\/uploads\/2018\/05\/printcolor-696x150.jpg 696w\" sizes=\"(max-width: 700px) 100vw, 700px\" \/><\/a><\/p>\n","protected":false},"excerpt":{"rendered":"<p>Sempre atento \u00e0s demandas das comunidades no munic\u00edpio de Mantena, o vereador mantenense Paulo Mariano, o Paulinho do Loteamento, percorre as localidades ao redor do munic\u00edpio, e na manh\u00e3 desta segunda-feira dia 13 de agosto, esteve no povoado de Santa Rita acompanhando o diretor do SAAE, o Sr. Paulo Ab\u00edlio. Na ocasi\u00e3o o vereador viu [&hellip;]<\/p>\n","protected":false},"author":1,"featured_media":35083,"comment_status":"open","ping_status":"open","sticky":false,"template":"","format":"standard","meta":[],"categories":[36,69,82],"tags":[],"_links":{"self":[{"href":"http:\/\/www.portalmantena.com.br\/novo\/index.php?rest_route=\/wp\/v2\/posts\/35082"}],"collection":[{"href":"http:\/\/www.portalmantena.com.br\/novo\/index.php?rest_route=\/wp\/v2\/posts"}],"about":[{"href":"http:\/\/www.portalmantena.com.br\/novo\/index.php?rest_route=\/wp\/v2\/types\/post"}],"author":[{"embeddable":true,"href":"http:\/\/www.portalmantena.com.br\/novo\/index.php?rest_route=\/wp\/v2\/users\/1"}],"replies":[{"embeddable":true,"href":"http:\/\/www.portalmantena.com.br\/novo\/index.php?rest_route=%2Fwp%2Fv2%2Fcomments&post=35082"}],"version-history":[{"count":1,"href":"http:\/\/www.portalmantena.com.br\/novo\/index.php?rest_route=\/wp\/v2\/posts\/35082\/revisions"}],"predecessor-version":[{"id":35085,"href":"http:\/\/www.portalmantena.com.br\/novo\/index.php?rest_route=\/wp\/v2\/posts\/35082\/revisions\/35085"}],"wp:featuredmedia":[{"embeddable":true,"href":"http:\/\/www.portalmantena.com.br\/novo\/index.php?rest_route=\/wp\/v2\/media\/35083"}],"wp:attachment":[{"href":"http:\/\/www.portalmantena.com.br\/novo\/index.php?rest_route=%2Fwp%2Fv2%2Fmedia&parent=35082"}],"wp:term":[{"taxonomy":"category","embeddable":true,"href":"http:\/\/www.portalmantena.com.br\/novo\/index.php?rest_route=%2Fwp%2Fv2%2Fcategories&post=35082"},{"taxonomy":"post_tag","embeddable":true,"href":"http:\/\/www.portalmantena.com.br\/novo\/index.php?rest_route=%2Fwp%2Fv2%2Ftags&post=35082"}],"curies":[{"name":"wp","href":"https:\/\/api.w.org\/{rel}","templated":true}]}}