{"id":35051,"date":"2018-08-14T07:29:45","date_gmt":"2018-08-14T10:29:45","guid":{"rendered":"http:\/\/www.portalmantena.com.br\/novo\/?p=35051"},"modified":"2018-08-14T08:43:24","modified_gmt":"2018-08-14T11:43:24","slug":"mobiliadora-universal-sorteou-um-caminhao-de-premios","status":"publish","type":"post","link":"http:\/\/www.portalmantena.com.br\/novo\/?p=35051","title":{"rendered":"&#8220;Caminh\u00e3o de Pr\u00eamios&#8221; da Universal saiu para dona Ronilce"},"content":{"rendered":"<p><a href=\"http:\/\/www.portalmantena.com.br\/novo\/wp-content\/uploads\/2018\/08\/vi140818juliana.jpg\"><img loading=\"lazy\" class=\"alignnone size-full wp-image-35052\" src=\"http:\/\/www.portalmantena.com.br\/novo\/wp-content\/uploads\/2018\/08\/vi140818juliana.jpg\" alt=\"\" width=\"700\" height=\"450\" srcset=\"http:\/\/www.portalmantena.com.br\/novo\/wp-content\/uploads\/2018\/08\/vi140818juliana.jpg 700w, http:\/\/www.portalmantena.com.br\/novo\/wp-content\/uploads\/2018\/08\/vi140818juliana-300x193.jpg 300w, http:\/\/www.portalmantena.com.br\/novo\/wp-content\/uploads\/2018\/08\/vi140818juliana-696x447.jpg 696w, http:\/\/www.portalmantena.com.br\/novo\/wp-content\/uploads\/2018\/08\/vi140818juliana-653x420.jpg 653w\" sizes=\"(max-width: 700px) 100vw, 700px\" \/><\/a><\/p>\n<p><span style=\"font-size: 14pt;\">A promo\u00e7\u00e3o \u201cCaminh\u00e3o de Pr\u00eamios\u201d, que a Mobiliadora Universal realizou nos \u00faltimos dias, contemplando seus clientes e amigos com a oportunidade de ganhar um Caminh\u00e3o de pr\u00eamios, teve o seu sorteio no \u00faltimo s\u00e1bado dia 11 de Agosto, v\u00e9spera do dia dos Pais. <\/span><\/p>\n<p><span style=\"font-size: 14pt;\">E a sortuda vem da cidade de Barra de S\u00e3o Francisco, dona Ronilce Silva Gon\u00e7alves foi quem comprou nas lojas da Mobiliadora Universal, levou pra casa um produto de qualidade e ainda foi sorteada levando junto um caminh\u00e3o de pr\u00eamios. <\/span><\/p>\n<p><span style=\"font-size: 14pt;\">Esta \u00e9 mais uma das muitas promo\u00e7\u00f5es que a empresa realiza anualmente, prestigiando a regi\u00e3o, retornando para seus clientes e amigos vantagens e ainda muitos pr\u00eamios.<\/span><\/p>\n<p><a href=\"http:\/\/www.portalmantena.com.br\/novo\/wp-content\/uploads\/2018\/08\/vi100818uni2.jpg\"><img loading=\"lazy\" class=\"alignnone size-full wp-image-34875\" src=\"http:\/\/www.portalmantena.com.br\/novo\/wp-content\/uploads\/2018\/08\/vi100818uni2.jpg\" alt=\"\" width=\"700\" height=\"450\" srcset=\"http:\/\/www.portalmantena.com.br\/novo\/wp-content\/uploads\/2018\/08\/vi100818uni2.jpg 700w, http:\/\/www.portalmantena.com.br\/novo\/wp-content\/uploads\/2018\/08\/vi100818uni2-300x193.jpg 300w, http:\/\/www.portalmantena.com.br\/novo\/wp-content\/uploads\/2018\/08\/vi100818uni2-696x447.jpg 696w, http:\/\/www.portalmantena.com.br\/novo\/wp-content\/uploads\/2018\/08\/vi100818uni2-653x420.jpg 653w\" sizes=\"(max-width: 700px) 100vw, 700px\" \/><\/a>Foto:\u00a0<span style=\"font-size: 10pt;\">Equipe da Mobiliadora Universal de Mantena<\/span><\/p>\n<p><span style=\"font-size: 10pt;\">ESPA\u00c7O EMPRESARIAL<\/span><a href=\"http:\/\/www.portalmantena.com.br\/novo\/?p=34494\"><img src=\"http:\/\/www.portalmantena.com.br\/novo\/wp-content\/uploads\/2018\/08\/uni060818p.jpg\" \/><\/a><\/p>\n","protected":false},"excerpt":{"rendered":"<p>A promo\u00e7\u00e3o \u201cCaminh\u00e3o de Pr\u00eamios\u201d, que a Mobiliadora Universal realizou nos \u00faltimos dias, contemplando seus clientes e amigos com a oportunidade de ganhar um Caminh\u00e3o de pr\u00eamios, teve o seu sorteio no \u00faltimo s\u00e1bado dia 11 de Agosto, v\u00e9spera do dia dos Pais. E a sortuda vem da cidade de Barra de S\u00e3o Francisco, dona [&hellip;]<\/p>\n","protected":false},"author":1,"featured_media":35052,"comment_status":"open","ping_status":"open","sticky":false,"template":"","format":"standard","meta":[],"categories":[7],"tags":[],"_links":{"self":[{"href":"http:\/\/www.portalmantena.com.br\/novo\/index.php?rest_route=\/wp\/v2\/posts\/35051"}],"collection":[{"href":"http:\/\/www.portalmantena.com.br\/novo\/index.php?rest_route=\/wp\/v2\/posts"}],"about":[{"href":"http:\/\/www.portalmantena.com.br\/novo\/index.php?rest_route=\/wp\/v2\/types\/post"}],"author":[{"embeddable":true,"href":"http:\/\/www.portalmantena.com.br\/novo\/index.php?rest_route=\/wp\/v2\/users\/1"}],"replies":[{"embeddable":true,"href":"http:\/\/www.portalmantena.com.br\/novo\/index.php?rest_route=%2Fwp%2Fv2%2Fcomments&post=35051"}],"version-history":[{"count":4,"href":"http:\/\/www.portalmantena.com.br\/novo\/index.php?rest_route=\/wp\/v2\/posts\/35051\/revisions"}],"predecessor-version":[{"id":35056,"href":"http:\/\/www.portalmantena.com.br\/novo\/index.php?rest_route=\/wp\/v2\/posts\/35051\/revisions\/35056"}],"wp:featuredmedia":[{"embeddable":true,"href":"http:\/\/www.portalmantena.com.br\/novo\/index.php?rest_route=\/wp\/v2\/media\/35052"}],"wp:attachment":[{"href":"http:\/\/www.portalmantena.com.br\/novo\/index.php?rest_route=%2Fwp%2Fv2%2Fmedia&parent=35051"}],"wp:term":[{"taxonomy":"category","embeddable":true,"href":"http:\/\/www.portalmantena.com.br\/novo\/index.php?rest_route=%2Fwp%2Fv2%2Fcategories&post=35051"},{"taxonomy":"post_tag","embeddable":true,"href":"http:\/\/www.portalmantena.com.br\/novo\/index.php?rest_route=%2Fwp%2Fv2%2Ftags&post=35051"}],"curies":[{"name":"wp","href":"https:\/\/api.w.org\/{rel}","templated":true}]}}