{"id":34948,"date":"2018-08-13T20:00:15","date_gmt":"2018-08-13T23:00:15","guid":{"rendered":"http:\/\/www.portalmantena.com.br\/novo\/?p=34948"},"modified":"2018-08-13T13:48:35","modified_gmt":"2018-08-13T16:48:35","slug":"vila-pavao-recebe-mais-20-kits-de-teste-rapido-para-malaria","status":"publish","type":"post","link":"http:\/\/www.portalmantena.com.br\/novo\/?p=34948","title":{"rendered":"Vila Pav\u00e3o recebe mais 20 kits de teste r\u00e1pido para Mal\u00e1ria"},"content":{"rendered":"<p><a href=\"http:\/\/www.portalmantena.com.br\/novo\/wp-content\/uploads\/2018\/08\/no130818malaria1.jpg\"><img loading=\"lazy\" class=\"alignnone size-full wp-image-34949\" src=\"http:\/\/www.portalmantena.com.br\/novo\/wp-content\/uploads\/2018\/08\/no130818malaria1.jpg\" alt=\"\" width=\"700\" height=\"450\" srcset=\"http:\/\/www.portalmantena.com.br\/novo\/wp-content\/uploads\/2018\/08\/no130818malaria1.jpg 700w, http:\/\/www.portalmantena.com.br\/novo\/wp-content\/uploads\/2018\/08\/no130818malaria1-300x193.jpg 300w, http:\/\/www.portalmantena.com.br\/novo\/wp-content\/uploads\/2018\/08\/no130818malaria1-696x447.jpg 696w, http:\/\/www.portalmantena.com.br\/novo\/wp-content\/uploads\/2018\/08\/no130818malaria1-653x420.jpg 653w\" sizes=\"(max-width: 700px) 100vw, 700px\" \/><\/a><\/p>\n<p><span style=\"font-size: 14pt;\">Por conta do surto de mal\u00e1ria que atinge o munic\u00edpio capixaba de Vila Pav\u00e3o, na manh\u00e3 do \u00faltimo s\u00e1bado (11), 20 kits com 500 testes r\u00e1pidos de mal\u00e1ria e uma remessa de medicamentos chegou ao munic\u00edpio enviada pelo Minist\u00e9rio da Sa\u00fade. <\/span><\/p>\n<p><span style=\"font-size: 14pt;\">O material foi levado pela Secretaria de Estado da Sa\u00fade (Sesa), que informou que os comprimidos s\u00e3o suficientes para tratar 350 pacientes. De acordo com a Sesa, at\u00e9 o momento foram levados para Vila Pav\u00e3o um total de 3.390 comprimidos e 1.199 frascos de medicamentos injet\u00e1veis. <\/span><\/p>\n<p><span style=\"font-size: 14pt;\">O secret\u00e1rio de Estado da Sa\u00fade, Ricardo de Oliveira, disse que os casos confirmados continuam concentrados em Vila Pav\u00e3o e Barra de S\u00e3o Francisco, e que n\u00e3o h\u00e1 casos de mal\u00e1ria causados pelo Plasmodium falciparum (que gerou o surto) fora desses munic\u00edpios. <\/span><\/p>\n<p><span style=\"font-size: 14pt;\">\u201cAs medidas de conten\u00e7\u00e3o adotadas pela Sesa e pelos munic\u00edpios j\u00e1 est\u00e3o provocando uma redu\u00e7\u00e3o no n\u00famero de casos novos de mal\u00e1ria e nenhum outro \u00f3bito nem casos graves da doen\u00e7a foram registrados depois que os trabalhos foram iniciados\u201d, destaca Oliveira. <\/span><\/p>\n<p><span style=\"font-size: 14pt;\">Assim que foi notificada sobre a ocorr\u00eancia de mal\u00e1ria em Vila Pav\u00e3o, a Secretaria de Estado da Sa\u00fade disse que enviou uma equipe para o munic\u00edpio para dar apoio \u00e0 equipe de sua superintend\u00eancia regional e aos munic\u00edpios envolvidos nas a\u00e7\u00f5es de controle e combate ao surto. (fonte\/foto:prefeituravilapavao).<\/span><\/p>\n<p><a href=\"http:\/\/www.portalmantena.com.br\/novo\/wp-content\/uploads\/2018\/08\/no130818malaria2.jpg\"><img loading=\"lazy\" class=\"alignnone size-full wp-image-34950\" src=\"http:\/\/www.portalmantena.com.br\/novo\/wp-content\/uploads\/2018\/08\/no130818malaria2.jpg\" alt=\"\" width=\"700\" height=\"450\" srcset=\"http:\/\/www.portalmantena.com.br\/novo\/wp-content\/uploads\/2018\/08\/no130818malaria2.jpg 700w, http:\/\/www.portalmantena.com.br\/novo\/wp-content\/uploads\/2018\/08\/no130818malaria2-300x193.jpg 300w, http:\/\/www.portalmantena.com.br\/novo\/wp-content\/uploads\/2018\/08\/no130818malaria2-696x447.jpg 696w, http:\/\/www.portalmantena.com.br\/novo\/wp-content\/uploads\/2018\/08\/no130818malaria2-653x420.jpg 653w\" sizes=\"(max-width: 700px) 100vw, 700px\" \/><\/a><\/p>\n<p><span style=\"font-size: 10pt;\">ESPA\u00c7O EMPRESARIAL<\/span><img loading=\"lazy\" class=\"alignnone size-full wp-image-30339\" src=\"http:\/\/www.portalmantena.com.br\/novo\/wp-content\/uploads\/2018\/05\/casadastintas.jpg\" alt=\"\" width=\"700\" height=\"150\" srcset=\"http:\/\/www.portalmantena.com.br\/novo\/wp-content\/uploads\/2018\/05\/casadastintas.jpg 700w, http:\/\/www.portalmantena.com.br\/novo\/wp-content\/uploads\/2018\/05\/casadastintas-300x64.jpg 300w, http:\/\/www.portalmantena.com.br\/novo\/wp-content\/uploads\/2018\/05\/casadastintas-696x150.jpg 696w\" sizes=\"(max-width: 700px) 100vw, 700px\" \/><\/p>\n","protected":false},"excerpt":{"rendered":"<p>Por conta do surto de mal\u00e1ria que atinge o munic\u00edpio capixaba de Vila Pav\u00e3o, na manh\u00e3 do \u00faltimo s\u00e1bado (11), 20 kits com 500 testes r\u00e1pidos de mal\u00e1ria e uma remessa de medicamentos chegou ao munic\u00edpio enviada pelo Minist\u00e9rio da Sa\u00fade. O material foi levado pela Secretaria de Estado da Sa\u00fade (Sesa), que informou que [&hellip;]<\/p>\n","protected":false},"author":1,"featured_media":34949,"comment_status":"open","ping_status":"open","sticky":false,"template":"","format":"standard","meta":[],"categories":[11,39],"tags":[],"_links":{"self":[{"href":"http:\/\/www.portalmantena.com.br\/novo\/index.php?rest_route=\/wp\/v2\/posts\/34948"}],"collection":[{"href":"http:\/\/www.portalmantena.com.br\/novo\/index.php?rest_route=\/wp\/v2\/posts"}],"about":[{"href":"http:\/\/www.portalmantena.com.br\/novo\/index.php?rest_route=\/wp\/v2\/types\/post"}],"author":[{"embeddable":true,"href":"http:\/\/www.portalmantena.com.br\/novo\/index.php?rest_route=\/wp\/v2\/users\/1"}],"replies":[{"embeddable":true,"href":"http:\/\/www.portalmantena.com.br\/novo\/index.php?rest_route=%2Fwp%2Fv2%2Fcomments&post=34948"}],"version-history":[{"count":1,"href":"http:\/\/www.portalmantena.com.br\/novo\/index.php?rest_route=\/wp\/v2\/posts\/34948\/revisions"}],"predecessor-version":[{"id":34951,"href":"http:\/\/www.portalmantena.com.br\/novo\/index.php?rest_route=\/wp\/v2\/posts\/34948\/revisions\/34951"}],"wp:featuredmedia":[{"embeddable":true,"href":"http:\/\/www.portalmantena.com.br\/novo\/index.php?rest_route=\/wp\/v2\/media\/34949"}],"wp:attachment":[{"href":"http:\/\/www.portalmantena.com.br\/novo\/index.php?rest_route=%2Fwp%2Fv2%2Fmedia&parent=34948"}],"wp:term":[{"taxonomy":"category","embeddable":true,"href":"http:\/\/www.portalmantena.com.br\/novo\/index.php?rest_route=%2Fwp%2Fv2%2Fcategories&post=34948"},{"taxonomy":"post_tag","embeddable":true,"href":"http:\/\/www.portalmantena.com.br\/novo\/index.php?rest_route=%2Fwp%2Fv2%2Ftags&post=34948"}],"curies":[{"name":"wp","href":"https:\/\/api.w.org\/{rel}","templated":true}]}}