{"id":34898,"date":"2018-08-13T09:14:39","date_gmt":"2018-08-13T12:14:39","guid":{"rendered":"http:\/\/www.portalmantena.com.br\/novo\/?p=34898"},"modified":"2018-08-13T09:16:16","modified_gmt":"2018-08-13T12:16:16","slug":"11ago-manha-de-sabado-de-atividades-da-guarda-mirim","status":"publish","type":"post","link":"http:\/\/www.portalmantena.com.br\/novo\/?p=34898","title":{"rendered":"11AGO &#8211; Manh\u00e3 de s\u00e1bado de atividades da Guarda Mirim"},"content":{"rendered":"<p><strong><a href=\"http:\/\/www.portalmantena.com.br\/novo\/wp-content\/uploads\/2017\/06\/diabaner-1.jpg\"><img loading=\"lazy\" class=\"alignnone size-full wp-image-8000\" src=\"http:\/\/www.portalmantena.com.br\/novo\/wp-content\/uploads\/2017\/06\/diabaner-1.jpg\" alt=\"\" width=\"650\" height=\"100\" srcset=\"http:\/\/www.portalmantena.com.br\/novo\/wp-content\/uploads\/2017\/06\/diabaner-1.jpg 650w, http:\/\/www.portalmantena.com.br\/novo\/wp-content\/uploads\/2017\/06\/diabaner-1-300x46.jpg 300w\" sizes=\"(max-width: 650px) 100vw, 650px\" \/><\/a><\/strong><a href=\"http:\/\/www.portalmantena.com.br\/novo\/wp-content\/uploads\/2018\/08\/dia130818c.jpg\"><img loading=\"lazy\" class=\"alignnone size-full wp-image-34894\" src=\"http:\/\/www.portalmantena.com.br\/novo\/wp-content\/uploads\/2018\/08\/dia130818c.jpg\" alt=\"\" width=\"700\" height=\"450\" srcset=\"http:\/\/www.portalmantena.com.br\/novo\/wp-content\/uploads\/2018\/08\/dia130818c.jpg 700w, http:\/\/www.portalmantena.com.br\/novo\/wp-content\/uploads\/2018\/08\/dia130818c-300x193.jpg 300w, http:\/\/www.portalmantena.com.br\/novo\/wp-content\/uploads\/2018\/08\/dia130818c-696x447.jpg 696w, http:\/\/www.portalmantena.com.br\/novo\/wp-content\/uploads\/2018\/08\/dia130818c-653x420.jpg 653w\" sizes=\"(max-width: 700px) 100vw, 700px\" \/><\/a><\/p>\n<p><strong>11 de Agosto<\/strong>\u00a0&#8211;\u00a0Alunos da Guarda Mirim de Mantena se preparando para a solenidade de formatura que est\u00e1 se aproximando. Na manh\u00e3 deste s\u00e1bado, eles participaram de uma atividade instrutiva e f\u00edsica realizada na zona rural de Mantena.<\/p>\n<p><span style=\"font-size: 10pt;\">ESPA\u00c7O EMPRESARIAL<\/span><a href=\"http:\/\/www.molvw.com.br\/\"><img loading=\"lazy\" class=\"alignnone size-full wp-image-29504\" src=\"http:\/\/www.portalmantena.com.br\/novo\/wp-content\/uploads\/2018\/05\/molvolkswagen.jpg\" alt=\"\" width=\"700\" height=\"150\" srcset=\"http:\/\/www.portalmantena.com.br\/novo\/wp-content\/uploads\/2018\/05\/molvolkswagen.jpg 700w, http:\/\/www.portalmantena.com.br\/novo\/wp-content\/uploads\/2018\/05\/molvolkswagen-300x64.jpg 300w, http:\/\/www.portalmantena.com.br\/novo\/wp-content\/uploads\/2018\/05\/molvolkswagen-696x150.jpg 696w\" sizes=\"(max-width: 700px) 100vw, 700px\" \/><\/a><\/p>\n","protected":false},"excerpt":{"rendered":"<p>11 de Agosto\u00a0&#8211;\u00a0Alunos da Guarda Mirim de Mantena se preparando para a solenidade de formatura que est\u00e1 se aproximando. Na manh\u00e3 deste s\u00e1bado, eles participaram de uma atividade instrutiva e f\u00edsica realizada na zona rural de Mantena. ESPA\u00c7O EMPRESARIAL<\/p>\n","protected":false},"author":1,"featured_media":34894,"comment_status":"open","ping_status":"open","sticky":false,"template":"","format":"standard","meta":[],"categories":[50],"tags":[],"_links":{"self":[{"href":"http:\/\/www.portalmantena.com.br\/novo\/index.php?rest_route=\/wp\/v2\/posts\/34898"}],"collection":[{"href":"http:\/\/www.portalmantena.com.br\/novo\/index.php?rest_route=\/wp\/v2\/posts"}],"about":[{"href":"http:\/\/www.portalmantena.com.br\/novo\/index.php?rest_route=\/wp\/v2\/types\/post"}],"author":[{"embeddable":true,"href":"http:\/\/www.portalmantena.com.br\/novo\/index.php?rest_route=\/wp\/v2\/users\/1"}],"replies":[{"embeddable":true,"href":"http:\/\/www.portalmantena.com.br\/novo\/index.php?rest_route=%2Fwp%2Fv2%2Fcomments&post=34898"}],"version-history":[{"count":2,"href":"http:\/\/www.portalmantena.com.br\/novo\/index.php?rest_route=\/wp\/v2\/posts\/34898\/revisions"}],"predecessor-version":[{"id":34901,"href":"http:\/\/www.portalmantena.com.br\/novo\/index.php?rest_route=\/wp\/v2\/posts\/34898\/revisions\/34901"}],"wp:featuredmedia":[{"embeddable":true,"href":"http:\/\/www.portalmantena.com.br\/novo\/index.php?rest_route=\/wp\/v2\/media\/34894"}],"wp:attachment":[{"href":"http:\/\/www.portalmantena.com.br\/novo\/index.php?rest_route=%2Fwp%2Fv2%2Fmedia&parent=34898"}],"wp:term":[{"taxonomy":"category","embeddable":true,"href":"http:\/\/www.portalmantena.com.br\/novo\/index.php?rest_route=%2Fwp%2Fv2%2Fcategories&post=34898"},{"taxonomy":"post_tag","embeddable":true,"href":"http:\/\/www.portalmantena.com.br\/novo\/index.php?rest_route=%2Fwp%2Fv2%2Ftags&post=34898"}],"curies":[{"name":"wp","href":"https:\/\/api.w.org\/{rel}","templated":true}]}}