{"id":34867,"date":"2018-08-13T07:50:26","date_gmt":"2018-08-13T10:50:26","guid":{"rendered":"http:\/\/www.portalmantena.com.br\/novo\/?p=34867"},"modified":"2018-08-13T07:59:33","modified_gmt":"2018-08-13T10:59:33","slug":"foragido-da-justica-e-preso-gracas-a-moradores","status":"publish","type":"post","link":"http:\/\/www.portalmantena.com.br\/novo\/?p=34867","title":{"rendered":"Foragido da justi\u00e7a \u00e9 preso ap\u00f3s den\u00fancia de moradores"},"content":{"rendered":"<p><a href=\"http:\/\/www.portalmantena.com.br\/novo\/wp-content\/uploads\/2018\/08\/pm1-1.jpg\"><img loading=\"lazy\" class=\"alignnone size-full wp-image-34868\" src=\"http:\/\/www.portalmantena.com.br\/novo\/wp-content\/uploads\/2018\/08\/pm1-1.jpg\" alt=\"\" width=\"700\" height=\"450\" srcset=\"http:\/\/www.portalmantena.com.br\/novo\/wp-content\/uploads\/2018\/08\/pm1-1.jpg 700w, http:\/\/www.portalmantena.com.br\/novo\/wp-content\/uploads\/2018\/08\/pm1-1-300x193.jpg 300w, http:\/\/www.portalmantena.com.br\/novo\/wp-content\/uploads\/2018\/08\/pm1-1-696x447.jpg 696w, http:\/\/www.portalmantena.com.br\/novo\/wp-content\/uploads\/2018\/08\/pm1-1-653x420.jpg 653w\" sizes=\"(max-width: 700px) 100vw, 700px\" \/><\/a><\/p>\n<p><span style=\"font-size: 14pt;\">A Pol\u00edcia Militar prendeu, na manh\u00e3 desta quinta-feira (9 de agosto), na cidade capixaba de Pinheiros, o foragido da justi\u00e7a J.P.S, de 37 anos. A pris\u00e3o aconteceu no bairro Can\u00e1rio, ap\u00f3s den\u00fancia de moradores. <\/span><\/p>\n<p><span style=\"font-size: 14pt;\">Segundo o comandante da Companhia em Pinheiros, capit\u00e3o Manoel Gambarti Junior, os militares do Servi\u00e7o de Intelig\u00eancia e da Radiopatrulha receberam informa\u00e7\u00f5es an\u00f4nimas de que o foragido estava homiziado naquela cidade. <\/span><\/p>\n<p><span style=\"font-size: 14pt;\">De posse das informa\u00e7\u00f5es, os policiais realizaram dilig\u00eancias nos bairros e localizaram o acusado no bairro Can\u00e1rio.\u00a0 Ele foi conduzido \u00e0 Delegacia de plant\u00e3o do munic\u00edpio. Segundo o Capit\u00e3o Gambarti, o foragido tem passagens por crimes de tr\u00e1fico de drogas e furto em estabelecimento comercial. (fonte:PM).<\/span><\/p>\n<p><span style=\"font-size: 10pt;\">ESPA\u00c7O EMPRESARIAL<\/span><a href=\"https:\/\/www.facebook.com\/redevalente\/\"><img loading=\"lazy\" class=\"alignnone size-full wp-image-29188\" src=\"http:\/\/www.portalmantena.com.br\/novo\/wp-content\/uploads\/2018\/05\/valentefaixa.jpg\" alt=\"\" width=\"700\" height=\"150\" srcset=\"http:\/\/www.portalmantena.com.br\/novo\/wp-content\/uploads\/2018\/05\/valentefaixa.jpg 700w, http:\/\/www.portalmantena.com.br\/novo\/wp-content\/uploads\/2018\/05\/valentefaixa-300x64.jpg 300w, http:\/\/www.portalmantena.com.br\/novo\/wp-content\/uploads\/2018\/05\/valentefaixa-696x150.jpg 696w\" sizes=\"(max-width: 700px) 100vw, 700px\" \/><\/a><\/p>\n","protected":false},"excerpt":{"rendered":"<p>A Pol\u00edcia Militar prendeu, na manh\u00e3 desta quinta-feira (9 de agosto), na cidade capixaba de Pinheiros, o foragido da justi\u00e7a J.P.S, de 37 anos. A pris\u00e3o aconteceu no bairro Can\u00e1rio, ap\u00f3s den\u00fancia de moradores. Segundo o comandante da Companhia em Pinheiros, capit\u00e3o Manoel Gambarti Junior, os militares do Servi\u00e7o de Intelig\u00eancia e da Radiopatrulha receberam [&hellip;]<\/p>\n","protected":false},"author":1,"featured_media":34868,"comment_status":"open","ping_status":"open","sticky":false,"template":"","format":"standard","meta":[],"categories":[11,34],"tags":[],"_links":{"self":[{"href":"http:\/\/www.portalmantena.com.br\/novo\/index.php?rest_route=\/wp\/v2\/posts\/34867"}],"collection":[{"href":"http:\/\/www.portalmantena.com.br\/novo\/index.php?rest_route=\/wp\/v2\/posts"}],"about":[{"href":"http:\/\/www.portalmantena.com.br\/novo\/index.php?rest_route=\/wp\/v2\/types\/post"}],"author":[{"embeddable":true,"href":"http:\/\/www.portalmantena.com.br\/novo\/index.php?rest_route=\/wp\/v2\/users\/1"}],"replies":[{"embeddable":true,"href":"http:\/\/www.portalmantena.com.br\/novo\/index.php?rest_route=%2Fwp%2Fv2%2Fcomments&post=34867"}],"version-history":[{"count":2,"href":"http:\/\/www.portalmantena.com.br\/novo\/index.php?rest_route=\/wp\/v2\/posts\/34867\/revisions"}],"predecessor-version":[{"id":34872,"href":"http:\/\/www.portalmantena.com.br\/novo\/index.php?rest_route=\/wp\/v2\/posts\/34867\/revisions\/34872"}],"wp:featuredmedia":[{"embeddable":true,"href":"http:\/\/www.portalmantena.com.br\/novo\/index.php?rest_route=\/wp\/v2\/media\/34868"}],"wp:attachment":[{"href":"http:\/\/www.portalmantena.com.br\/novo\/index.php?rest_route=%2Fwp%2Fv2%2Fmedia&parent=34867"}],"wp:term":[{"taxonomy":"category","embeddable":true,"href":"http:\/\/www.portalmantena.com.br\/novo\/index.php?rest_route=%2Fwp%2Fv2%2Fcategories&post=34867"},{"taxonomy":"post_tag","embeddable":true,"href":"http:\/\/www.portalmantena.com.br\/novo\/index.php?rest_route=%2Fwp%2Fv2%2Ftags&post=34867"}],"curies":[{"name":"wp","href":"https:\/\/api.w.org\/{rel}","templated":true}]}}