{"id":34862,"date":"2018-08-10T11:10:48","date_gmt":"2018-08-10T14:10:48","guid":{"rendered":"http:\/\/www.portalmantena.com.br\/novo\/?p=34862"},"modified":"2018-08-10T11:10:48","modified_gmt":"2018-08-10T14:10:48","slug":"suely-comemorando-aniversario-junto-com-o-esposo","status":"publish","type":"post","link":"http:\/\/www.portalmantena.com.br\/novo\/?p=34862","title":{"rendered":"Suely comemorando anivers\u00e1rio junto com o esposo"},"content":{"rendered":"<p><a href=\"http:\/\/www.portalmantena.com.br\/novo\/wp-content\/uploads\/2018\/08\/vi100818niver1.jpg\"><img loading=\"lazy\" class=\"alignnone size-full wp-image-34863\" src=\"http:\/\/www.portalmantena.com.br\/novo\/wp-content\/uploads\/2018\/08\/vi100818niver1.jpg\" alt=\"\" width=\"700\" height=\"450\" srcset=\"http:\/\/www.portalmantena.com.br\/novo\/wp-content\/uploads\/2018\/08\/vi100818niver1.jpg 700w, http:\/\/www.portalmantena.com.br\/novo\/wp-content\/uploads\/2018\/08\/vi100818niver1-300x193.jpg 300w, http:\/\/www.portalmantena.com.br\/novo\/wp-content\/uploads\/2018\/08\/vi100818niver1-696x447.jpg 696w, http:\/\/www.portalmantena.com.br\/novo\/wp-content\/uploads\/2018\/08\/vi100818niver1-653x420.jpg 653w\" sizes=\"(max-width: 700px) 100vw, 700px\" \/><\/a><\/p>\n<p><span style=\"font-size: 14pt;\">Quem soprou velinhas nesta quinta-feira dia 09 de Agosto, foi a esposa do nosso amigo Rafael Costa (Rafinha da Ford), Suely Martins Ramos Costa. <\/span><\/p>\n<p><span style=\"font-size: 14pt;\">E a noite foi de comemora\u00e7\u00e3o com direito a um delicioso churrasco na Churrascaria do Zezinho em Mantena. <\/span><\/p>\n<p><span style=\"font-size: 14pt;\">Comemora\u00e7\u00e3o cheia de carinhos e muito amor. Parab\u00e9ns Suely por mais um ano de vida, que o nosso Deus proteja sempre sua vida como de toda fam\u00edlia.<\/span><\/p>\n<p><a href=\"http:\/\/www.portalmantena.com.br\/novo\/wp-content\/uploads\/2018\/08\/vi100818niver2.jpg\"><img loading=\"lazy\" class=\"alignnone size-full wp-image-34864\" src=\"http:\/\/www.portalmantena.com.br\/novo\/wp-content\/uploads\/2018\/08\/vi100818niver2.jpg\" alt=\"\" width=\"700\" height=\"450\" srcset=\"http:\/\/www.portalmantena.com.br\/novo\/wp-content\/uploads\/2018\/08\/vi100818niver2.jpg 700w, http:\/\/www.portalmantena.com.br\/novo\/wp-content\/uploads\/2018\/08\/vi100818niver2-300x193.jpg 300w, http:\/\/www.portalmantena.com.br\/novo\/wp-content\/uploads\/2018\/08\/vi100818niver2-696x447.jpg 696w, http:\/\/www.portalmantena.com.br\/novo\/wp-content\/uploads\/2018\/08\/vi100818niver2-653x420.jpg 653w\" sizes=\"(max-width: 700px) 100vw, 700px\" \/><\/a><\/p>\n<p><span style=\"font-size: 10pt;\">ESPA\u00c7O EMPRESARIAL<\/span><a href=\"http:\/\/www.portalmantena.com.br\/novo\/wp-content\/uploads\/2018\/05\/postoterraboa.jpg\"><img loading=\"lazy\" class=\"alignnone size-full wp-image-29172\" src=\"http:\/\/www.portalmantena.com.br\/novo\/wp-content\/uploads\/2018\/05\/postoterraboa.jpg\" alt=\"\" width=\"700\" height=\"150\" srcset=\"http:\/\/www.portalmantena.com.br\/novo\/wp-content\/uploads\/2018\/05\/postoterraboa.jpg 700w, http:\/\/www.portalmantena.com.br\/novo\/wp-content\/uploads\/2018\/05\/postoterraboa-300x64.jpg 300w, http:\/\/www.portalmantena.com.br\/novo\/wp-content\/uploads\/2018\/05\/postoterraboa-696x150.jpg 696w\" sizes=\"(max-width: 700px) 100vw, 700px\" \/><\/a><\/p>\n","protected":false},"excerpt":{"rendered":"<p>Quem soprou velinhas nesta quinta-feira dia 09 de Agosto, foi a esposa do nosso amigo Rafael Costa (Rafinha da Ford), Suely Martins Ramos Costa. E a noite foi de comemora\u00e7\u00e3o com direito a um delicioso churrasco na Churrascaria do Zezinho em Mantena. Comemora\u00e7\u00e3o cheia de carinhos e muito amor. Parab\u00e9ns Suely por mais um ano [&hellip;]<\/p>\n","protected":false},"author":1,"featured_media":34863,"comment_status":"open","ping_status":"open","sticky":false,"template":"","format":"standard","meta":[],"categories":[7],"tags":[],"_links":{"self":[{"href":"http:\/\/www.portalmantena.com.br\/novo\/index.php?rest_route=\/wp\/v2\/posts\/34862"}],"collection":[{"href":"http:\/\/www.portalmantena.com.br\/novo\/index.php?rest_route=\/wp\/v2\/posts"}],"about":[{"href":"http:\/\/www.portalmantena.com.br\/novo\/index.php?rest_route=\/wp\/v2\/types\/post"}],"author":[{"embeddable":true,"href":"http:\/\/www.portalmantena.com.br\/novo\/index.php?rest_route=\/wp\/v2\/users\/1"}],"replies":[{"embeddable":true,"href":"http:\/\/www.portalmantena.com.br\/novo\/index.php?rest_route=%2Fwp%2Fv2%2Fcomments&post=34862"}],"version-history":[{"count":1,"href":"http:\/\/www.portalmantena.com.br\/novo\/index.php?rest_route=\/wp\/v2\/posts\/34862\/revisions"}],"predecessor-version":[{"id":34865,"href":"http:\/\/www.portalmantena.com.br\/novo\/index.php?rest_route=\/wp\/v2\/posts\/34862\/revisions\/34865"}],"wp:featuredmedia":[{"embeddable":true,"href":"http:\/\/www.portalmantena.com.br\/novo\/index.php?rest_route=\/wp\/v2\/media\/34863"}],"wp:attachment":[{"href":"http:\/\/www.portalmantena.com.br\/novo\/index.php?rest_route=%2Fwp%2Fv2%2Fmedia&parent=34862"}],"wp:term":[{"taxonomy":"category","embeddable":true,"href":"http:\/\/www.portalmantena.com.br\/novo\/index.php?rest_route=%2Fwp%2Fv2%2Fcategories&post=34862"},{"taxonomy":"post_tag","embeddable":true,"href":"http:\/\/www.portalmantena.com.br\/novo\/index.php?rest_route=%2Fwp%2Fv2%2Ftags&post=34862"}],"curies":[{"name":"wp","href":"https:\/\/api.w.org\/{rel}","templated":true}]}}