{"id":34859,"date":"2018-08-10T10:42:33","date_gmt":"2018-08-10T13:42:33","guid":{"rendered":"http:\/\/www.portalmantena.com.br\/novo\/?p=34859"},"modified":"2018-08-10T10:42:33","modified_gmt":"2018-08-10T13:42:33","slug":"mercado-natural-novidade-chegando-em-mantena-neste-sabado","status":"publish","type":"post","link":"http:\/\/www.portalmantena.com.br\/novo\/?p=34859","title":{"rendered":"Mercado Natural, novidade chegando em Mantena neste s\u00e1bado"},"content":{"rendered":"<p><a href=\"http:\/\/www.portalmantena.com.br\/novo\/wp-content\/uploads\/2018\/08\/vi100818mercado.jpg\"><img loading=\"lazy\" class=\"alignnone size-full wp-image-34860\" src=\"http:\/\/www.portalmantena.com.br\/novo\/wp-content\/uploads\/2018\/08\/vi100818mercado.jpg\" alt=\"\" width=\"700\" height=\"450\" srcset=\"http:\/\/www.portalmantena.com.br\/novo\/wp-content\/uploads\/2018\/08\/vi100818mercado.jpg 700w, http:\/\/www.portalmantena.com.br\/novo\/wp-content\/uploads\/2018\/08\/vi100818mercado-300x193.jpg 300w, http:\/\/www.portalmantena.com.br\/novo\/wp-content\/uploads\/2018\/08\/vi100818mercado-696x447.jpg 696w, http:\/\/www.portalmantena.com.br\/novo\/wp-content\/uploads\/2018\/08\/vi100818mercado-653x420.jpg 653w\" sizes=\"(max-width: 700px) 100vw, 700px\" \/><\/a><\/p>\n<p><span style=\"font-size: 14pt;\">O mantenense est\u00e1 preste a se surpreender com um empreendimento que chega \u00e0 cidade na manh\u00e3 deste s\u00e1bado dia 11 de Agosto, onde abrir\u00e1 as portas na cidade a empresa &#8220;Mercado Natural&#8221;, uma inova\u00e7\u00e3o na oferta de produtos que tem como finalidade uma vida mais saud\u00e1vel.<\/span><\/p>\n<p><span style=\"font-size: 14pt;\"> A inaugura\u00e7\u00e3o acontecer\u00e1 \u00e0s 8h30&#8242; deste s\u00e1bado, e voc\u00ea \u00e9 convidado a participar deste momento, conhecendo a loja, suas instala\u00e7\u00f5es e produtos na Pra\u00e7a da B\u00edblia n\u00ba 95 no centro da cidade, pr\u00f3ximo \u00e0 Casa Lot\u00e9rica. <\/span><\/p>\n<p><span style=\"font-size: 14pt;\">Venha conhecer as \u201cDel\u00edcias Saud\u00e1veis\u201d, voc\u00ea vai se surpreender. Com certeza quem ganha com a chegada de uma empresa deste porte na cidade, com produtos que est\u00e3o envolvidos diretamente com a qualidade na alimenta\u00e7\u00e3o, sa\u00fade e bem estar, s\u00e3o os mantenenses, prestigie.<\/span><\/p>\n<p><span style=\"font-size: 10pt;\">ESPA\u00c7O EMPRESARIAL<\/span><a href=\"https:\/\/www.facebook.com\/rf.oliveira.9?fref=ts\"><img loading=\"lazy\" class=\"alignnone size-full wp-image-34026\" src=\"http:\/\/www.portalmantena.com.br\/novo\/wp-content\/uploads\/2018\/05\/avenida310718b.jpg\" alt=\"\" width=\"700\" height=\"150\" srcset=\"http:\/\/www.portalmantena.com.br\/novo\/wp-content\/uploads\/2018\/05\/avenida310718b.jpg 700w, http:\/\/www.portalmantena.com.br\/novo\/wp-content\/uploads\/2018\/05\/avenida310718b-300x64.jpg 300w, http:\/\/www.portalmantena.com.br\/novo\/wp-content\/uploads\/2018\/05\/avenida310718b-696x150.jpg 696w\" sizes=\"(max-width: 700px) 100vw, 700px\" \/><\/a><\/p>\n","protected":false},"excerpt":{"rendered":"<p>O mantenense est\u00e1 preste a se surpreender com um empreendimento que chega \u00e0 cidade na manh\u00e3 deste s\u00e1bado dia 11 de Agosto, onde abrir\u00e1 as portas na cidade a empresa &#8220;Mercado Natural&#8221;, uma inova\u00e7\u00e3o na oferta de produtos que tem como finalidade uma vida mais saud\u00e1vel. A inaugura\u00e7\u00e3o acontecer\u00e1 \u00e0s 8h30&#8242; deste s\u00e1bado, e voc\u00ea [&hellip;]<\/p>\n","protected":false},"author":1,"featured_media":34860,"comment_status":"open","ping_status":"open","sticky":false,"template":"","format":"standard","meta":[],"categories":[36,11],"tags":[],"_links":{"self":[{"href":"http:\/\/www.portalmantena.com.br\/novo\/index.php?rest_route=\/wp\/v2\/posts\/34859"}],"collection":[{"href":"http:\/\/www.portalmantena.com.br\/novo\/index.php?rest_route=\/wp\/v2\/posts"}],"about":[{"href":"http:\/\/www.portalmantena.com.br\/novo\/index.php?rest_route=\/wp\/v2\/types\/post"}],"author":[{"embeddable":true,"href":"http:\/\/www.portalmantena.com.br\/novo\/index.php?rest_route=\/wp\/v2\/users\/1"}],"replies":[{"embeddable":true,"href":"http:\/\/www.portalmantena.com.br\/novo\/index.php?rest_route=%2Fwp%2Fv2%2Fcomments&post=34859"}],"version-history":[{"count":1,"href":"http:\/\/www.portalmantena.com.br\/novo\/index.php?rest_route=\/wp\/v2\/posts\/34859\/revisions"}],"predecessor-version":[{"id":34861,"href":"http:\/\/www.portalmantena.com.br\/novo\/index.php?rest_route=\/wp\/v2\/posts\/34859\/revisions\/34861"}],"wp:featuredmedia":[{"embeddable":true,"href":"http:\/\/www.portalmantena.com.br\/novo\/index.php?rest_route=\/wp\/v2\/media\/34860"}],"wp:attachment":[{"href":"http:\/\/www.portalmantena.com.br\/novo\/index.php?rest_route=%2Fwp%2Fv2%2Fmedia&parent=34859"}],"wp:term":[{"taxonomy":"category","embeddable":true,"href":"http:\/\/www.portalmantena.com.br\/novo\/index.php?rest_route=%2Fwp%2Fv2%2Fcategories&post=34859"},{"taxonomy":"post_tag","embeddable":true,"href":"http:\/\/www.portalmantena.com.br\/novo\/index.php?rest_route=%2Fwp%2Fv2%2Ftags&post=34859"}],"curies":[{"name":"wp","href":"https:\/\/api.w.org\/{rel}","templated":true}]}}