{"id":34827,"date":"2018-08-09T20:02:12","date_gmt":"2018-08-09T23:02:12","guid":{"rendered":"http:\/\/www.portalmantena.com.br\/novo\/?p=34827"},"modified":"2018-08-09T16:35:58","modified_gmt":"2018-08-09T19:35:58","slug":"feridos-e-moto-destruida-em-acidente-com-caminhao-cacamba","status":"publish","type":"post","link":"http:\/\/www.portalmantena.com.br\/novo\/?p=34827","title":{"rendered":"Feridos e moto destru\u00edda em acidente com caminh\u00e3o ca\u00e7amba"},"content":{"rendered":"<p><a href=\"http:\/\/www.portalmantena.com.br\/novo\/wp-content\/uploads\/2018\/08\/no090818aci4.jpg\"><img loading=\"lazy\" class=\"alignnone size-full wp-image-34831\" src=\"http:\/\/www.portalmantena.com.br\/novo\/wp-content\/uploads\/2018\/08\/no090818aci4.jpg\" alt=\"\" width=\"700\" height=\"450\" srcset=\"http:\/\/www.portalmantena.com.br\/novo\/wp-content\/uploads\/2018\/08\/no090818aci4.jpg 700w, http:\/\/www.portalmantena.com.br\/novo\/wp-content\/uploads\/2018\/08\/no090818aci4-300x193.jpg 300w, http:\/\/www.portalmantena.com.br\/novo\/wp-content\/uploads\/2018\/08\/no090818aci4-696x447.jpg 696w, http:\/\/www.portalmantena.com.br\/novo\/wp-content\/uploads\/2018\/08\/no090818aci4-653x420.jpg 653w\" sizes=\"(max-width: 700px) 100vw, 700px\" \/><\/a><span style=\"font-size: 10pt;\">Fotos:redesocial\/whatsapp<\/span><\/p>\n<p><span style=\"font-size: 14pt;\">Mais um acidente grave envolvendo motociclista \u00e9 registrado na regi\u00e3o deixando v\u00edtimas. O fato ocorreu na tarde desta quinta-feira dia 9 de agosto em um trecho da rodovia ES 080 pr\u00f3ximo ao pesque pague para\u00edso, em Barra de S\u00e3o Francisco. <\/span><\/p>\n<p><span style=\"font-size: 14pt;\">Segundo informa\u00e7\u00f5es, o motorista de um caminh\u00e3o ca\u00e7amba Mercedes Benz de cor branca, que transportava areia, tombou em uma curva pr\u00f3ximo \u00e0 ponte. <\/span><\/p>\n<p><span style=\"font-size: 14pt;\">Ainda n\u00e3o se sabe se o motociclista teria derrapado na areia que foi derramada na pista, ou se envolveu diretamente no acidente, no entanto a moto em que o condutor estava, ficou completamente destru\u00edda, com o tanque arrancado no impacto, al\u00e9m de outros danos. <\/span><\/p>\n<p><span style=\"font-size: 14pt;\">Uma viatura do corpo de bombeiros, bem como a pol\u00edcia militar foram acionados e estiveram no local. <\/span><\/p>\n<p><span style=\"font-size: 14pt;\">O motociclista, ferido, foi encaminhado para o Hospital em Barra de S\u00e3o Francisco, e ainda n\u00e3o foi divulgado ainda seu estado de sa\u00fade. <\/span><\/p>\n<p><span style=\"font-size: 14pt;\">De acordo com informa\u00e7\u00f5es, o condutor da ca\u00e7amba e uma terceira pessoa tamb\u00e9m ficaram feridos e foram socorridos. (fotos:redesocial\/whatzapp).<\/span><\/p>\n<p><a href=\"http:\/\/www.portalmantena.com.br\/novo\/wp-content\/uploads\/2018\/08\/no090818aci2.jpg\"><img loading=\"lazy\" class=\"alignnone size-full wp-image-34829\" src=\"http:\/\/www.portalmantena.com.br\/novo\/wp-content\/uploads\/2018\/08\/no090818aci2.jpg\" alt=\"\" width=\"700\" height=\"450\" srcset=\"http:\/\/www.portalmantena.com.br\/novo\/wp-content\/uploads\/2018\/08\/no090818aci2.jpg 700w, http:\/\/www.portalmantena.com.br\/novo\/wp-content\/uploads\/2018\/08\/no090818aci2-300x193.jpg 300w, http:\/\/www.portalmantena.com.br\/novo\/wp-content\/uploads\/2018\/08\/no090818aci2-696x447.jpg 696w, http:\/\/www.portalmantena.com.br\/novo\/wp-content\/uploads\/2018\/08\/no090818aci2-653x420.jpg 653w\" sizes=\"(max-width: 700px) 100vw, 700px\" \/><\/a> <a href=\"http:\/\/www.portalmantena.com.br\/novo\/wp-content\/uploads\/2018\/08\/no090818aci3.jpg\"><img loading=\"lazy\" class=\"alignnone size-full wp-image-34830\" src=\"http:\/\/www.portalmantena.com.br\/novo\/wp-content\/uploads\/2018\/08\/no090818aci3.jpg\" alt=\"\" width=\"700\" height=\"450\" srcset=\"http:\/\/www.portalmantena.com.br\/novo\/wp-content\/uploads\/2018\/08\/no090818aci3.jpg 700w, http:\/\/www.portalmantena.com.br\/novo\/wp-content\/uploads\/2018\/08\/no090818aci3-300x193.jpg 300w, http:\/\/www.portalmantena.com.br\/novo\/wp-content\/uploads\/2018\/08\/no090818aci3-696x447.jpg 696w, http:\/\/www.portalmantena.com.br\/novo\/wp-content\/uploads\/2018\/08\/no090818aci3-653x420.jpg 653w\" sizes=\"(max-width: 700px) 100vw, 700px\" \/><\/a><a href=\"http:\/\/www.portalmantena.com.br\/novo\/wp-content\/uploads\/2018\/08\/no090818aci1.jpg\"><img loading=\"lazy\" class=\"alignnone size-full wp-image-34828\" src=\"http:\/\/www.portalmantena.com.br\/novo\/wp-content\/uploads\/2018\/08\/no090818aci1.jpg\" alt=\"\" width=\"700\" height=\"450\" srcset=\"http:\/\/www.portalmantena.com.br\/novo\/wp-content\/uploads\/2018\/08\/no090818aci1.jpg 700w, http:\/\/www.portalmantena.com.br\/novo\/wp-content\/uploads\/2018\/08\/no090818aci1-300x193.jpg 300w, http:\/\/www.portalmantena.com.br\/novo\/wp-content\/uploads\/2018\/08\/no090818aci1-696x447.jpg 696w, http:\/\/www.portalmantena.com.br\/novo\/wp-content\/uploads\/2018\/08\/no090818aci1-653x420.jpg 653w\" sizes=\"(max-width: 700px) 100vw, 700px\" \/><\/a><a href=\"http:\/\/www.portalmantena.com.br\/novo\/wp-content\/uploads\/2018\/08\/no090818aci5.jpg\"><img loading=\"lazy\" class=\"alignnone size-full wp-image-34832\" src=\"http:\/\/www.portalmantena.com.br\/novo\/wp-content\/uploads\/2018\/08\/no090818aci5.jpg\" alt=\"\" width=\"700\" height=\"450\" srcset=\"http:\/\/www.portalmantena.com.br\/novo\/wp-content\/uploads\/2018\/08\/no090818aci5.jpg 700w, http:\/\/www.portalmantena.com.br\/novo\/wp-content\/uploads\/2018\/08\/no090818aci5-300x193.jpg 300w, http:\/\/www.portalmantena.com.br\/novo\/wp-content\/uploads\/2018\/08\/no090818aci5-696x447.jpg 696w, http:\/\/www.portalmantena.com.br\/novo\/wp-content\/uploads\/2018\/08\/no090818aci5-653x420.jpg 653w\" sizes=\"(max-width: 700px) 100vw, 700px\" \/><\/a><\/p>\n<p><span style=\"font-size: 10pt;\">ESPA\u00c7O EMPRESARIAL<\/span><a href=\"https:\/\/www.facebook.com\/profile.php?id=100004934627949&amp;fref=ts\"><img loading=\"lazy\" class=\"alignnone size-full wp-image-29178\" src=\"http:\/\/www.portalmantena.com.br\/novo\/wp-content\/uploads\/2018\/05\/printcolor.jpg\" alt=\"\" width=\"700\" height=\"150\" srcset=\"http:\/\/www.portalmantena.com.br\/novo\/wp-content\/uploads\/2018\/05\/printcolor.jpg 700w, http:\/\/www.portalmantena.com.br\/novo\/wp-content\/uploads\/2018\/05\/printcolor-300x64.jpg 300w, http:\/\/www.portalmantena.com.br\/novo\/wp-content\/uploads\/2018\/05\/printcolor-696x150.jpg 696w\" sizes=\"(max-width: 700px) 100vw, 700px\" \/><\/a><\/p>\n","protected":false},"excerpt":{"rendered":"<p>Fotos:redesocial\/whatsapp Mais um acidente grave envolvendo motociclista \u00e9 registrado na regi\u00e3o deixando v\u00edtimas. O fato ocorreu na tarde desta quinta-feira dia 9 de agosto em um trecho da rodovia ES 080 pr\u00f3ximo ao pesque pague para\u00edso, em Barra de S\u00e3o Francisco. Segundo informa\u00e7\u00f5es, o motorista de um caminh\u00e3o ca\u00e7amba Mercedes Benz de cor branca, que [&hellip;]<\/p>\n","protected":false},"author":1,"featured_media":34831,"comment_status":"open","ping_status":"open","sticky":false,"template":"","format":"standard","meta":[],"categories":[11,39],"tags":[],"_links":{"self":[{"href":"http:\/\/www.portalmantena.com.br\/novo\/index.php?rest_route=\/wp\/v2\/posts\/34827"}],"collection":[{"href":"http:\/\/www.portalmantena.com.br\/novo\/index.php?rest_route=\/wp\/v2\/posts"}],"about":[{"href":"http:\/\/www.portalmantena.com.br\/novo\/index.php?rest_route=\/wp\/v2\/types\/post"}],"author":[{"embeddable":true,"href":"http:\/\/www.portalmantena.com.br\/novo\/index.php?rest_route=\/wp\/v2\/users\/1"}],"replies":[{"embeddable":true,"href":"http:\/\/www.portalmantena.com.br\/novo\/index.php?rest_route=%2Fwp%2Fv2%2Fcomments&post=34827"}],"version-history":[{"count":2,"href":"http:\/\/www.portalmantena.com.br\/novo\/index.php?rest_route=\/wp\/v2\/posts\/34827\/revisions"}],"predecessor-version":[{"id":34834,"href":"http:\/\/www.portalmantena.com.br\/novo\/index.php?rest_route=\/wp\/v2\/posts\/34827\/revisions\/34834"}],"wp:featuredmedia":[{"embeddable":true,"href":"http:\/\/www.portalmantena.com.br\/novo\/index.php?rest_route=\/wp\/v2\/media\/34831"}],"wp:attachment":[{"href":"http:\/\/www.portalmantena.com.br\/novo\/index.php?rest_route=%2Fwp%2Fv2%2Fmedia&parent=34827"}],"wp:term":[{"taxonomy":"category","embeddable":true,"href":"http:\/\/www.portalmantena.com.br\/novo\/index.php?rest_route=%2Fwp%2Fv2%2Fcategories&post=34827"},{"taxonomy":"post_tag","embeddable":true,"href":"http:\/\/www.portalmantena.com.br\/novo\/index.php?rest_route=%2Fwp%2Fv2%2Ftags&post=34827"}],"curies":[{"name":"wp","href":"https:\/\/api.w.org\/{rel}","templated":true}]}}