{"id":34823,"date":"2018-08-09T20:01:17","date_gmt":"2018-08-09T23:01:17","guid":{"rendered":"http:\/\/www.portalmantena.com.br\/novo\/?p=34823"},"modified":"2018-08-09T16:11:57","modified_gmt":"2018-08-09T19:11:57","slug":"alimentos-arrecadados-no-motocross-sao-doados-ao-recanto","status":"publish","type":"post","link":"http:\/\/www.portalmantena.com.br\/novo\/?p=34823","title":{"rendered":"Alimentos arrecadados no Motocross s\u00e3o doados ao Recanto"},"content":{"rendered":"<p><a href=\"http:\/\/www.portalmantena.com.br\/novo\/wp-content\/uploads\/2018\/08\/no090818cross1.jpg\"><img loading=\"lazy\" class=\"alignnone size-full wp-image-34824\" src=\"http:\/\/www.portalmantena.com.br\/novo\/wp-content\/uploads\/2018\/08\/no090818cross1.jpg\" alt=\"\" width=\"700\" height=\"450\" srcset=\"http:\/\/www.portalmantena.com.br\/novo\/wp-content\/uploads\/2018\/08\/no090818cross1.jpg 700w, http:\/\/www.portalmantena.com.br\/novo\/wp-content\/uploads\/2018\/08\/no090818cross1-300x193.jpg 300w, http:\/\/www.portalmantena.com.br\/novo\/wp-content\/uploads\/2018\/08\/no090818cross1-696x447.jpg 696w, http:\/\/www.portalmantena.com.br\/novo\/wp-content\/uploads\/2018\/08\/no090818cross1-653x420.jpg 653w\" sizes=\"(max-width: 700px) 100vw, 700px\" \/><\/a><\/p>\n<p><span style=\"font-size: 14pt;\">Uma excelente e importante iniciativa social, fruto de um evento realizado em Mantena na \u00faltima semana, foi conclu\u00edda nesta quinta-feira (9) com a doa\u00e7\u00e3o de quase 300 kg de alimentos n\u00e3o perec\u00edveis, ao assistidos pela Institui\u00e7\u00e3o mantenense Recanto da Esperan\u00e7a. <\/span><\/p>\n<p><span style=\"font-size: 14pt;\">Estes alimentos foram recolhidos durante os dois dias de realiza\u00e7\u00e3o em Mantena da 3\u00aa etapa da Copa Norte de Motocross. <\/span><\/p>\n<p><span style=\"font-size: 14pt;\">O organizador do evento, o esportista mantenense Marcelo Guerra, aproveitou a oportunidade para entregar uma camisa do evento \u00e0s crian\u00e7as que funcion\u00e1rios do Recanto. <\/span><\/p>\n<p><span style=\"font-size: 14pt;\">Marcelo aproveitou para agradecer a todos que contribu\u00edram tanto para a realiza\u00e7\u00e3o do evento em Mantena bem como \u00e0queles que fizeram a doa\u00e7\u00e3o dos alimentos que ir\u00e3o beneficiar \u00e0 estas pessoas que tanto necessitam.<\/span><\/p>\n<p><a href=\"http:\/\/www.portalmantena.com.br\/novo\/wp-content\/uploads\/2018\/08\/no090818cross2.jpg\"><img loading=\"lazy\" class=\"alignnone size-full wp-image-34825\" src=\"http:\/\/www.portalmantena.com.br\/novo\/wp-content\/uploads\/2018\/08\/no090818cross2.jpg\" alt=\"\" width=\"700\" height=\"450\" srcset=\"http:\/\/www.portalmantena.com.br\/novo\/wp-content\/uploads\/2018\/08\/no090818cross2.jpg 700w, http:\/\/www.portalmantena.com.br\/novo\/wp-content\/uploads\/2018\/08\/no090818cross2-300x193.jpg 300w, http:\/\/www.portalmantena.com.br\/novo\/wp-content\/uploads\/2018\/08\/no090818cross2-696x447.jpg 696w, http:\/\/www.portalmantena.com.br\/novo\/wp-content\/uploads\/2018\/08\/no090818cross2-653x420.jpg 653w\" sizes=\"(max-width: 700px) 100vw, 700px\" \/><\/a><\/p>\n<p><span style=\"font-size: 10pt;\">ESPA\u00c7O EMPRESARIAL<\/span><a href=\"http:\/\/www.molvw.com.br\/\"><img loading=\"lazy\" class=\"alignnone size-full wp-image-29504\" src=\"http:\/\/www.portalmantena.com.br\/novo\/wp-content\/uploads\/2018\/05\/molvolkswagen.jpg\" alt=\"\" width=\"700\" height=\"150\" srcset=\"http:\/\/www.portalmantena.com.br\/novo\/wp-content\/uploads\/2018\/05\/molvolkswagen.jpg 700w, http:\/\/www.portalmantena.com.br\/novo\/wp-content\/uploads\/2018\/05\/molvolkswagen-300x64.jpg 300w, http:\/\/www.portalmantena.com.br\/novo\/wp-content\/uploads\/2018\/05\/molvolkswagen-696x150.jpg 696w\" sizes=\"(max-width: 700px) 100vw, 700px\" \/><\/a><\/p>\n","protected":false},"excerpt":{"rendered":"<p>Uma excelente e importante iniciativa social, fruto de um evento realizado em Mantena na \u00faltima semana, foi conclu\u00edda nesta quinta-feira (9) com a doa\u00e7\u00e3o de quase 300 kg de alimentos n\u00e3o perec\u00edveis, ao assistidos pela Institui\u00e7\u00e3o mantenense Recanto da Esperan\u00e7a. Estes alimentos foram recolhidos durante os dois dias de realiza\u00e7\u00e3o em Mantena da 3\u00aa etapa [&hellip;]<\/p>\n","protected":false},"author":1,"featured_media":34824,"comment_status":"open","ping_status":"open","sticky":false,"template":"","format":"standard","meta":[],"categories":[36,12],"tags":[],"_links":{"self":[{"href":"http:\/\/www.portalmantena.com.br\/novo\/index.php?rest_route=\/wp\/v2\/posts\/34823"}],"collection":[{"href":"http:\/\/www.portalmantena.com.br\/novo\/index.php?rest_route=\/wp\/v2\/posts"}],"about":[{"href":"http:\/\/www.portalmantena.com.br\/novo\/index.php?rest_route=\/wp\/v2\/types\/post"}],"author":[{"embeddable":true,"href":"http:\/\/www.portalmantena.com.br\/novo\/index.php?rest_route=\/wp\/v2\/users\/1"}],"replies":[{"embeddable":true,"href":"http:\/\/www.portalmantena.com.br\/novo\/index.php?rest_route=%2Fwp%2Fv2%2Fcomments&post=34823"}],"version-history":[{"count":1,"href":"http:\/\/www.portalmantena.com.br\/novo\/index.php?rest_route=\/wp\/v2\/posts\/34823\/revisions"}],"predecessor-version":[{"id":34826,"href":"http:\/\/www.portalmantena.com.br\/novo\/index.php?rest_route=\/wp\/v2\/posts\/34823\/revisions\/34826"}],"wp:featuredmedia":[{"embeddable":true,"href":"http:\/\/www.portalmantena.com.br\/novo\/index.php?rest_route=\/wp\/v2\/media\/34824"}],"wp:attachment":[{"href":"http:\/\/www.portalmantena.com.br\/novo\/index.php?rest_route=%2Fwp%2Fv2%2Fmedia&parent=34823"}],"wp:term":[{"taxonomy":"category","embeddable":true,"href":"http:\/\/www.portalmantena.com.br\/novo\/index.php?rest_route=%2Fwp%2Fv2%2Fcategories&post=34823"},{"taxonomy":"post_tag","embeddable":true,"href":"http:\/\/www.portalmantena.com.br\/novo\/index.php?rest_route=%2Fwp%2Fv2%2Ftags&post=34823"}],"curies":[{"name":"wp","href":"https:\/\/api.w.org\/{rel}","templated":true}]}}