{"id":34815,"date":"2018-08-09T12:08:46","date_gmt":"2018-08-09T15:08:46","guid":{"rendered":"http:\/\/www.portalmantena.com.br\/novo\/?p=34815"},"modified":"2018-08-09T10:31:04","modified_gmt":"2018-08-09T13:31:04","slug":"atualizado-ja-sao-106-casos-de-malaria-na-regiao","status":"publish","type":"post","link":"http:\/\/www.portalmantena.com.br\/novo\/?p=34815","title":{"rendered":"Atualizado, j\u00e1 s\u00e3o 106 casos de Mal\u00e1ria na regi\u00e3o"},"content":{"rendered":"<p><a href=\"http:\/\/www.portalmantena.com.br\/novo\/wp-content\/uploads\/2018\/08\/no090818malaria.jpg\"><img loading=\"lazy\" class=\"alignnone size-full wp-image-34816\" src=\"http:\/\/www.portalmantena.com.br\/novo\/wp-content\/uploads\/2018\/08\/no090818malaria.jpg\" alt=\"\" width=\"700\" height=\"450\" srcset=\"http:\/\/www.portalmantena.com.br\/novo\/wp-content\/uploads\/2018\/08\/no090818malaria.jpg 700w, http:\/\/www.portalmantena.com.br\/novo\/wp-content\/uploads\/2018\/08\/no090818malaria-300x193.jpg 300w, http:\/\/www.portalmantena.com.br\/novo\/wp-content\/uploads\/2018\/08\/no090818malaria-696x447.jpg 696w, http:\/\/www.portalmantena.com.br\/novo\/wp-content\/uploads\/2018\/08\/no090818malaria-653x420.jpg 653w\" sizes=\"(max-width: 700px) 100vw, 700px\" \/><\/a><\/p>\n<p><span style=\"font-size: 14pt;\">Num espa\u00e7o de 24 horas, de acordo com boletim divulgado na noite desta quarta-feira (08), pela Secretaria de Estado da Sa\u00fade (Sesa), houve um aumento de 24 novos casos de mal\u00e1ria em Vila Pav\u00e3o. Agora, j\u00e1 s\u00e3o <strong>86 casos<\/strong> confirmados. At\u00e9 o final da tarde da \u00faltima ter\u00e7a feira (7), eram 62 casos. <\/span><\/p>\n<p><span style=\"font-size: 14pt;\">No munic\u00edpio vizinho de Barra de S\u00e3o Francisco, o n\u00famero de casos passou de 18 para 20. Agora, no estado do Espirito Santo, <strong>j\u00e1 s\u00e3o 106 casos confirmados da doen\u00e7a. <\/strong><\/span><\/p>\n<p><span style=\"font-size: 14pt;\">O munic\u00edpio pavoense recebeu um novo lote de inseticida e 500 kits de testes para a identifica\u00e7\u00e3o da mal\u00e1ria. Os testes s\u00e3o realizados pelas equipes de sa\u00fade durante as visitas na zona rural. <\/span><\/p>\n<p><span style=\"font-size: 14pt;\">J\u00e1 o inseticida, est\u00e1 sendo usado na borrifa\u00e7\u00e3o de ruas, nos quintais e dentro das casas nas \u00e1reas consideradas de risco, para bloquear os focos do mosquito. <\/span><\/p>\n<p><span style=\"font-size: 14pt;\">A equipe que combate a mal\u00e1ria em Vila Pav\u00e3o suspeita que a doen\u00e7a tenha chegado ao munic\u00edpio atrav\u00e9s de familiares de pessoas que vivem na regi\u00e3o norte do Pa\u00eds, que foram ao munic\u00edpio visitar parentes ou os pr\u00f3prios moradores que tenham ido e voltado. (fonte:prefeituraVilaPav\u00e3o).<\/span><\/p>\n<p><span style=\"font-size: 10pt;\">ESPA\u00c7O EMPRESARIAL<\/span><a href=\"https:\/\/www.facebook.com\/redevalente\/\"><img loading=\"lazy\" class=\"alignnone size-full wp-image-29188\" src=\"http:\/\/www.portalmantena.com.br\/novo\/wp-content\/uploads\/2018\/05\/valentefaixa.jpg\" alt=\"\" width=\"700\" height=\"150\" srcset=\"http:\/\/www.portalmantena.com.br\/novo\/wp-content\/uploads\/2018\/05\/valentefaixa.jpg 700w, http:\/\/www.portalmantena.com.br\/novo\/wp-content\/uploads\/2018\/05\/valentefaixa-300x64.jpg 300w, http:\/\/www.portalmantena.com.br\/novo\/wp-content\/uploads\/2018\/05\/valentefaixa-696x150.jpg 696w\" sizes=\"(max-width: 700px) 100vw, 700px\" \/><\/a><\/p>\n","protected":false},"excerpt":{"rendered":"<p>Num espa\u00e7o de 24 horas, de acordo com boletim divulgado na noite desta quarta-feira (08), pela Secretaria de Estado da Sa\u00fade (Sesa), houve um aumento de 24 novos casos de mal\u00e1ria em Vila Pav\u00e3o. Agora, j\u00e1 s\u00e3o 86 casos confirmados. At\u00e9 o final da tarde da \u00faltima ter\u00e7a feira (7), eram 62 casos. No munic\u00edpio [&hellip;]<\/p>\n","protected":false},"author":1,"featured_media":34816,"comment_status":"open","ping_status":"open","sticky":false,"template":"","format":"standard","meta":[],"categories":[11,39],"tags":[],"_links":{"self":[{"href":"http:\/\/www.portalmantena.com.br\/novo\/index.php?rest_route=\/wp\/v2\/posts\/34815"}],"collection":[{"href":"http:\/\/www.portalmantena.com.br\/novo\/index.php?rest_route=\/wp\/v2\/posts"}],"about":[{"href":"http:\/\/www.portalmantena.com.br\/novo\/index.php?rest_route=\/wp\/v2\/types\/post"}],"author":[{"embeddable":true,"href":"http:\/\/www.portalmantena.com.br\/novo\/index.php?rest_route=\/wp\/v2\/users\/1"}],"replies":[{"embeddable":true,"href":"http:\/\/www.portalmantena.com.br\/novo\/index.php?rest_route=%2Fwp%2Fv2%2Fcomments&post=34815"}],"version-history":[{"count":1,"href":"http:\/\/www.portalmantena.com.br\/novo\/index.php?rest_route=\/wp\/v2\/posts\/34815\/revisions"}],"predecessor-version":[{"id":34817,"href":"http:\/\/www.portalmantena.com.br\/novo\/index.php?rest_route=\/wp\/v2\/posts\/34815\/revisions\/34817"}],"wp:featuredmedia":[{"embeddable":true,"href":"http:\/\/www.portalmantena.com.br\/novo\/index.php?rest_route=\/wp\/v2\/media\/34816"}],"wp:attachment":[{"href":"http:\/\/www.portalmantena.com.br\/novo\/index.php?rest_route=%2Fwp%2Fv2%2Fmedia&parent=34815"}],"wp:term":[{"taxonomy":"category","embeddable":true,"href":"http:\/\/www.portalmantena.com.br\/novo\/index.php?rest_route=%2Fwp%2Fv2%2Fcategories&post=34815"},{"taxonomy":"post_tag","embeddable":true,"href":"http:\/\/www.portalmantena.com.br\/novo\/index.php?rest_route=%2Fwp%2Fv2%2Ftags&post=34815"}],"curies":[{"name":"wp","href":"https:\/\/api.w.org\/{rel}","templated":true}]}}