{"id":34808,"date":"2018-08-10T20:02:21","date_gmt":"2018-08-10T23:02:21","guid":{"rendered":"http:\/\/www.portalmantena.com.br\/novo\/?p=34808"},"modified":"2018-08-09T09:53:55","modified_gmt":"2018-08-09T12:53:55","slug":"pm-prende-homem-com-uma-pistola-9mm-proximo-a-um-bar","status":"publish","type":"post","link":"http:\/\/www.portalmantena.com.br\/novo\/?p=34808","title":{"rendered":"PM prende homem com uma pistola 9mm pr\u00f3ximo a um bar"},"content":{"rendered":"<p><a href=\"http:\/\/www.portalmantena.com.br\/novo\/wp-content\/uploads\/2018\/08\/pm4.jpg\"><img loading=\"lazy\" class=\"alignnone size-full wp-image-34809\" src=\"http:\/\/www.portalmantena.com.br\/novo\/wp-content\/uploads\/2018\/08\/pm4.jpg\" alt=\"\" width=\"700\" height=\"450\" srcset=\"http:\/\/www.portalmantena.com.br\/novo\/wp-content\/uploads\/2018\/08\/pm4.jpg 700w, http:\/\/www.portalmantena.com.br\/novo\/wp-content\/uploads\/2018\/08\/pm4-300x193.jpg 300w, http:\/\/www.portalmantena.com.br\/novo\/wp-content\/uploads\/2018\/08\/pm4-696x447.jpg 696w, http:\/\/www.portalmantena.com.br\/novo\/wp-content\/uploads\/2018\/08\/pm4-653x420.jpg 653w\" sizes=\"(max-width: 700px) 100vw, 700px\" \/><\/a><\/p>\n<p><span style=\"font-size: 14pt;\">Na noite da \u00faltima sexta-feira (03), policiais militares da For\u00e7a T\u00e1tica do 13\u00ba Batalh\u00e3o apreenderam uma pistola nove mil\u00edmetros com onze muni\u00e7\u00f5es e prenderam um suspeito. <\/span><\/p>\n<p><span style=\"font-size: 14pt;\">A a\u00e7\u00e3o foi\u00a0nas proximidades da pra\u00e7a Am\u00e9lia Boroto, Bairro Carapina, na cidade de S\u00e3o Mateus\/ES. Durante patrulhamento t\u00e1tico motorizado no bairro Carapina, pr\u00f3ximo \u00e0 pra\u00e7a Am\u00e9lia Boroto, os militares visualizaram um indiv\u00edduo em uma motocicleta, parado pr\u00f3ximo a um estabelecimento comercial. <\/span><\/p>\n<p><span style=\"font-size: 14pt;\">Com a aproxima\u00e7\u00e3o da guarni\u00e7\u00e3o, o suspeito jogou a motocicleta no ch\u00e3o e saiu correndo, sendo alcan\u00e7ado pelos militares. Durante a busca pessoal o indiv\u00edduo foi identificado como E.A.B., de 31 aos e com ele foi apreendida uma pistola modelo PT 250, calibre 9mm, com carregador municiado com 11 muni\u00e7\u00f5es de mesmo calibre. <\/span><\/p>\n<p><span style=\"font-size: 14pt;\">O suspeito foi conduzido at\u00e9 o DPJ local, juntamente com a motocicleta e o material apreendido. (fonte:PM).<\/span><\/p>\n<p><span style=\"font-size: 10pt;\">ESPA\u00c7O EMPRESARIAL<\/span><a href=\"https:\/\/www.facebook.com\/rf.oliveira.9?fref=ts\"><img loading=\"lazy\" class=\"alignnone size-full wp-image-34026\" src=\"http:\/\/www.portalmantena.com.br\/novo\/wp-content\/uploads\/2018\/05\/avenida310718b.jpg\" alt=\"\" width=\"700\" height=\"150\" srcset=\"http:\/\/www.portalmantena.com.br\/novo\/wp-content\/uploads\/2018\/05\/avenida310718b.jpg 700w, http:\/\/www.portalmantena.com.br\/novo\/wp-content\/uploads\/2018\/05\/avenida310718b-300x64.jpg 300w, http:\/\/www.portalmantena.com.br\/novo\/wp-content\/uploads\/2018\/05\/avenida310718b-696x150.jpg 696w\" sizes=\"(max-width: 700px) 100vw, 700px\" \/><\/a><\/p>\n","protected":false},"excerpt":{"rendered":"<p>Na noite da \u00faltima sexta-feira (03), policiais militares da For\u00e7a T\u00e1tica do 13\u00ba Batalh\u00e3o apreenderam uma pistola nove mil\u00edmetros com onze muni\u00e7\u00f5es e prenderam um suspeito. A a\u00e7\u00e3o foi\u00a0nas proximidades da pra\u00e7a Am\u00e9lia Boroto, Bairro Carapina, na cidade de S\u00e3o Mateus\/ES. Durante patrulhamento t\u00e1tico motorizado no bairro Carapina, pr\u00f3ximo \u00e0 pra\u00e7a Am\u00e9lia Boroto, os militares [&hellip;]<\/p>\n","protected":false},"author":1,"featured_media":34809,"comment_status":"open","ping_status":"open","sticky":false,"template":"","format":"standard","meta":[],"categories":[11,34],"tags":[],"_links":{"self":[{"href":"http:\/\/www.portalmantena.com.br\/novo\/index.php?rest_route=\/wp\/v2\/posts\/34808"}],"collection":[{"href":"http:\/\/www.portalmantena.com.br\/novo\/index.php?rest_route=\/wp\/v2\/posts"}],"about":[{"href":"http:\/\/www.portalmantena.com.br\/novo\/index.php?rest_route=\/wp\/v2\/types\/post"}],"author":[{"embeddable":true,"href":"http:\/\/www.portalmantena.com.br\/novo\/index.php?rest_route=\/wp\/v2\/users\/1"}],"replies":[{"embeddable":true,"href":"http:\/\/www.portalmantena.com.br\/novo\/index.php?rest_route=%2Fwp%2Fv2%2Fcomments&post=34808"}],"version-history":[{"count":1,"href":"http:\/\/www.portalmantena.com.br\/novo\/index.php?rest_route=\/wp\/v2\/posts\/34808\/revisions"}],"predecessor-version":[{"id":34810,"href":"http:\/\/www.portalmantena.com.br\/novo\/index.php?rest_route=\/wp\/v2\/posts\/34808\/revisions\/34810"}],"wp:featuredmedia":[{"embeddable":true,"href":"http:\/\/www.portalmantena.com.br\/novo\/index.php?rest_route=\/wp\/v2\/media\/34809"}],"wp:attachment":[{"href":"http:\/\/www.portalmantena.com.br\/novo\/index.php?rest_route=%2Fwp%2Fv2%2Fmedia&parent=34808"}],"wp:term":[{"taxonomy":"category","embeddable":true,"href":"http:\/\/www.portalmantena.com.br\/novo\/index.php?rest_route=%2Fwp%2Fv2%2Fcategories&post=34808"},{"taxonomy":"post_tag","embeddable":true,"href":"http:\/\/www.portalmantena.com.br\/novo\/index.php?rest_route=%2Fwp%2Fv2%2Ftags&post=34808"}],"curies":[{"name":"wp","href":"https:\/\/api.w.org\/{rel}","templated":true}]}}