{"id":34797,"date":"2018-08-09T12:04:40","date_gmt":"2018-08-09T15:04:40","guid":{"rendered":"http:\/\/www.portalmantena.com.br\/novo\/?p=34797"},"modified":"2018-08-09T09:26:14","modified_gmt":"2018-08-09T12:26:14","slug":"pm-recupera-moto-e-apreende-revolver-apos-latrocinio","status":"publish","type":"post","link":"http:\/\/www.portalmantena.com.br\/novo\/?p=34797","title":{"rendered":"PM recupera moto e apreende rev\u00f3lver ap\u00f3s latroc\u00ednio"},"content":{"rendered":"<p><a href=\"http:\/\/www.portalmantena.com.br\/novo\/wp-content\/uploads\/2018\/08\/no090818arma.jpg\"><img loading=\"lazy\" class=\"alignnone size-full wp-image-34798\" src=\"http:\/\/www.portalmantena.com.br\/novo\/wp-content\/uploads\/2018\/08\/no090818arma.jpg\" alt=\"\" width=\"700\" height=\"450\" srcset=\"http:\/\/www.portalmantena.com.br\/novo\/wp-content\/uploads\/2018\/08\/no090818arma.jpg 700w, http:\/\/www.portalmantena.com.br\/novo\/wp-content\/uploads\/2018\/08\/no090818arma-300x193.jpg 300w, http:\/\/www.portalmantena.com.br\/novo\/wp-content\/uploads\/2018\/08\/no090818arma-696x447.jpg 696w, http:\/\/www.portalmantena.com.br\/novo\/wp-content\/uploads\/2018\/08\/no090818arma-653x420.jpg 653w\" sizes=\"(max-width: 700px) 100vw, 700px\" \/><\/a><\/p>\n<p><span style=\"font-size: 14pt;\">Um adolescente foi apreendido em flagrante pela Pol\u00edcia Militar na noite desta segunda (6), na cidade de S\u00e3o Gabriel da Palha, acusado de ter participado de um crime de latroc\u00edno. <\/span><\/p>\n<p><span style=\"font-size: 14pt;\">Com o infrator os militares apreenderam um rev\u00f3lver e recuperaram uma motocicleta produto de furto\/roubo. <\/span><\/p>\n<p><span style=\"font-size: 14pt;\">Segundo o comandante do 2\u00ba Batalh\u00e3o, tenente-coronel Sebasti\u00e3o Aleixo Batista, o menor e outro comparsa, que conseguiu fugir, haviam roubado uma motocicleta Honda\/CB 300 de um homem de 54 anos no bairro Santa Terezinha. <\/span><\/p>\n<p><span style=\"font-size: 14pt;\">Durante o roubo, o adolescente chegou a atirar contra a v\u00edtima, mas o homem n\u00e3o foi atingido. Ap\u00f3s o crime, os dois suspeitos fugiram em duas motocicletas, por\u00e9m durante a fuga o menor bateu com o ve\u00edculo em um posto no centro da cidade, onde foi apreendido pelos militares. <\/span><\/p>\n<p><span style=\"font-size: 14pt;\">J\u00e1 o outro comparsa conseguiu fugir do cerco policial com a motocicleta roubada, uma Honda\/CB 300. O infrator foi encaminhado ao plant\u00e3o policial de Barra de S\u00e3o Francisco. (fonte\/foto:PM).<\/span><\/p>\n<p><span style=\"font-size: 10pt;\">ESPA\u00c7O EMPRESARIAL<\/span><a href=\"http:\/\/www.portalmantena.com.br\/novo\/?p=34494\"><img src=\"http:\/\/www.portalmantena.com.br\/novo\/wp-content\/uploads\/2018\/08\/uni060818p.jpg\" \/><\/a><\/p>\n","protected":false},"excerpt":{"rendered":"<p>Um adolescente foi apreendido em flagrante pela Pol\u00edcia Militar na noite desta segunda (6), na cidade de S\u00e3o Gabriel da Palha, acusado de ter participado de um crime de latroc\u00edno. Com o infrator os militares apreenderam um rev\u00f3lver e recuperaram uma motocicleta produto de furto\/roubo. Segundo o comandante do 2\u00ba Batalh\u00e3o, tenente-coronel Sebasti\u00e3o Aleixo Batista, [&hellip;]<\/p>\n","protected":false},"author":1,"featured_media":34798,"comment_status":"open","ping_status":"open","sticky":false,"template":"","format":"standard","meta":[],"categories":[11,34],"tags":[],"_links":{"self":[{"href":"http:\/\/www.portalmantena.com.br\/novo\/index.php?rest_route=\/wp\/v2\/posts\/34797"}],"collection":[{"href":"http:\/\/www.portalmantena.com.br\/novo\/index.php?rest_route=\/wp\/v2\/posts"}],"about":[{"href":"http:\/\/www.portalmantena.com.br\/novo\/index.php?rest_route=\/wp\/v2\/types\/post"}],"author":[{"embeddable":true,"href":"http:\/\/www.portalmantena.com.br\/novo\/index.php?rest_route=\/wp\/v2\/users\/1"}],"replies":[{"embeddable":true,"href":"http:\/\/www.portalmantena.com.br\/novo\/index.php?rest_route=%2Fwp%2Fv2%2Fcomments&post=34797"}],"version-history":[{"count":1,"href":"http:\/\/www.portalmantena.com.br\/novo\/index.php?rest_route=\/wp\/v2\/posts\/34797\/revisions"}],"predecessor-version":[{"id":34799,"href":"http:\/\/www.portalmantena.com.br\/novo\/index.php?rest_route=\/wp\/v2\/posts\/34797\/revisions\/34799"}],"wp:featuredmedia":[{"embeddable":true,"href":"http:\/\/www.portalmantena.com.br\/novo\/index.php?rest_route=\/wp\/v2\/media\/34798"}],"wp:attachment":[{"href":"http:\/\/www.portalmantena.com.br\/novo\/index.php?rest_route=%2Fwp%2Fv2%2Fmedia&parent=34797"}],"wp:term":[{"taxonomy":"category","embeddable":true,"href":"http:\/\/www.portalmantena.com.br\/novo\/index.php?rest_route=%2Fwp%2Fv2%2Fcategories&post=34797"},{"taxonomy":"post_tag","embeddable":true,"href":"http:\/\/www.portalmantena.com.br\/novo\/index.php?rest_route=%2Fwp%2Fv2%2Ftags&post=34797"}],"curies":[{"name":"wp","href":"https:\/\/api.w.org\/{rel}","templated":true}]}}