{"id":34715,"date":"2018-08-08T20:08:48","date_gmt":"2018-08-08T23:08:48","guid":{"rendered":"http:\/\/www.portalmantena.com.br\/novo\/?p=34715"},"modified":"2018-08-08T16:28:56","modified_gmt":"2018-08-08T19:28:56","slug":"cafe-bonzon-homenageando-o-dia-dos-pais","status":"publish","type":"post","link":"http:\/\/www.portalmantena.com.br\/novo\/?p=34715","title":{"rendered":"Caf\u00e9 Bonzon homenageando o Dia dos Pais"},"content":{"rendered":"<p><a href=\"http:\/\/www.portalmantena.com.br\/novo\/wp-content\/uploads\/2018\/08\/vi080818gilmar.jpg\"><img loading=\"lazy\" class=\"alignnone size-full wp-image-34716\" src=\"http:\/\/www.portalmantena.com.br\/novo\/wp-content\/uploads\/2018\/08\/vi080818gilmar.jpg\" alt=\"\" width=\"700\" height=\"450\" srcset=\"http:\/\/www.portalmantena.com.br\/novo\/wp-content\/uploads\/2018\/08\/vi080818gilmar.jpg 700w, http:\/\/www.portalmantena.com.br\/novo\/wp-content\/uploads\/2018\/08\/vi080818gilmar-300x193.jpg 300w, http:\/\/www.portalmantena.com.br\/novo\/wp-content\/uploads\/2018\/08\/vi080818gilmar-696x447.jpg 696w, http:\/\/www.portalmantena.com.br\/novo\/wp-content\/uploads\/2018\/08\/vi080818gilmar-653x420.jpg 653w\" sizes=\"(max-width: 700px) 100vw, 700px\" \/><\/a><\/p>\n<p><span style=\"font-size: 14pt;\">O nosso amigo, Gilmar do Caf\u00e9 Bonzon, sempre prestigiando os amigos e aproveitando para homenagear pessoas importantes como o Sr. Jos\u00e9 Eliot\u00e9rio, morador da cabeceira do Ariranha, distrito de Mantena. <\/span><\/p>\n<p><span style=\"font-size: 14pt;\">O dia dos pais chegando e no pr\u00f3ximo final de semana grandes homens ser\u00e3o homenageados pelo seu dia. Parab\u00e9ns Gilmar pela iniciativa, \u00e9 o Caf\u00e9 Bonzon sempre fazendo amigos.<\/span><\/p>\n<p><span style=\"font-size: 10pt;\">ESPA\u00c7O EMPRESARIAL<\/span><a href=\"http:\/\/www.portalmantena.com.br\/novo\/wp-content\/uploads\/2018\/05\/cafebonzonfaixa.jpg\"><img loading=\"lazy\" class=\"alignnone size-full wp-image-29162\" src=\"http:\/\/www.portalmantena.com.br\/novo\/wp-content\/uploads\/2018\/05\/cafebonzonfaixa.jpg\" alt=\"\" width=\"700\" height=\"150\" srcset=\"http:\/\/www.portalmantena.com.br\/novo\/wp-content\/uploads\/2018\/05\/cafebonzonfaixa.jpg 700w, http:\/\/www.portalmantena.com.br\/novo\/wp-content\/uploads\/2018\/05\/cafebonzonfaixa-300x64.jpg 300w, http:\/\/www.portalmantena.com.br\/novo\/wp-content\/uploads\/2018\/05\/cafebonzonfaixa-696x150.jpg 696w\" sizes=\"(max-width: 700px) 100vw, 700px\" \/><\/a><\/p>\n","protected":false},"excerpt":{"rendered":"<p>O nosso amigo, Gilmar do Caf\u00e9 Bonzon, sempre prestigiando os amigos e aproveitando para homenagear pessoas importantes como o Sr. Jos\u00e9 Eliot\u00e9rio, morador da cabeceira do Ariranha, distrito de Mantena. O dia dos pais chegando e no pr\u00f3ximo final de semana grandes homens ser\u00e3o homenageados pelo seu dia. Parab\u00e9ns Gilmar pela iniciativa, \u00e9 o Caf\u00e9 [&hellip;]<\/p>\n","protected":false},"author":1,"featured_media":34716,"comment_status":"open","ping_status":"open","sticky":false,"template":"","format":"standard","meta":[],"categories":[7],"tags":[],"_links":{"self":[{"href":"http:\/\/www.portalmantena.com.br\/novo\/index.php?rest_route=\/wp\/v2\/posts\/34715"}],"collection":[{"href":"http:\/\/www.portalmantena.com.br\/novo\/index.php?rest_route=\/wp\/v2\/posts"}],"about":[{"href":"http:\/\/www.portalmantena.com.br\/novo\/index.php?rest_route=\/wp\/v2\/types\/post"}],"author":[{"embeddable":true,"href":"http:\/\/www.portalmantena.com.br\/novo\/index.php?rest_route=\/wp\/v2\/users\/1"}],"replies":[{"embeddable":true,"href":"http:\/\/www.portalmantena.com.br\/novo\/index.php?rest_route=%2Fwp%2Fv2%2Fcomments&post=34715"}],"version-history":[{"count":2,"href":"http:\/\/www.portalmantena.com.br\/novo\/index.php?rest_route=\/wp\/v2\/posts\/34715\/revisions"}],"predecessor-version":[{"id":34722,"href":"http:\/\/www.portalmantena.com.br\/novo\/index.php?rest_route=\/wp\/v2\/posts\/34715\/revisions\/34722"}],"wp:featuredmedia":[{"embeddable":true,"href":"http:\/\/www.portalmantena.com.br\/novo\/index.php?rest_route=\/wp\/v2\/media\/34716"}],"wp:attachment":[{"href":"http:\/\/www.portalmantena.com.br\/novo\/index.php?rest_route=%2Fwp%2Fv2%2Fmedia&parent=34715"}],"wp:term":[{"taxonomy":"category","embeddable":true,"href":"http:\/\/www.portalmantena.com.br\/novo\/index.php?rest_route=%2Fwp%2Fv2%2Fcategories&post=34715"},{"taxonomy":"post_tag","embeddable":true,"href":"http:\/\/www.portalmantena.com.br\/novo\/index.php?rest_route=%2Fwp%2Fv2%2Ftags&post=34715"}],"curies":[{"name":"wp","href":"https:\/\/api.w.org\/{rel}","templated":true}]}}