{"id":34587,"date":"2018-08-08T20:03:02","date_gmt":"2018-08-08T23:03:02","guid":{"rendered":"http:\/\/www.portalmantena.com.br\/novo\/?p=34587"},"modified":"2018-08-08T10:47:02","modified_gmt":"2018-08-08T13:47:02","slug":"ajude-nossos-herois-campanha-em-prol-do-abrigo-dos-velhos","status":"publish","type":"post","link":"http:\/\/www.portalmantena.com.br\/novo\/?p=34587","title":{"rendered":"\u201cAjude nossos Her\u00f3is\u201d, Campanha em prol do abrigo dos Velhos"},"content":{"rendered":"<p><a href=\"http:\/\/www.portalmantena.com.br\/novo\/wp-content\/uploads\/2018\/08\/no070818campanha3.jpg\"><img loading=\"lazy\" class=\"alignnone size-full wp-image-34601\" src=\"http:\/\/www.portalmantena.com.br\/novo\/wp-content\/uploads\/2018\/08\/no070818campanha3.jpg\" alt=\"\" width=\"700\" height=\"450\" srcset=\"http:\/\/www.portalmantena.com.br\/novo\/wp-content\/uploads\/2018\/08\/no070818campanha3.jpg 700w, http:\/\/www.portalmantena.com.br\/novo\/wp-content\/uploads\/2018\/08\/no070818campanha3-300x193.jpg 300w, http:\/\/www.portalmantena.com.br\/novo\/wp-content\/uploads\/2018\/08\/no070818campanha3-696x447.jpg 696w, http:\/\/www.portalmantena.com.br\/novo\/wp-content\/uploads\/2018\/08\/no070818campanha3-653x420.jpg 653w\" sizes=\"(max-width: 700px) 100vw, 700px\" \/><\/a><\/p>\n<p><span style=\"font-size: 14pt;\">Com o objetivo de tentar amenizar os problemas enfrentados pelo Abrigo dos Velhos David Jos\u00e9 Rodrigues, em Barra de S\u00e3o Francisco, uma Campanha intitulada &#8220;Ajude nossos her\u00f3is&#8221;, est\u00e1 sendo realizada na cidade e regi\u00e3o, com o apoio das redes sociais na internet. <\/span><\/p>\n<p><span style=\"font-size: 14pt;\">A campanha em prol do abrigo que atualmente cuida de 48 idosos e muitos deles acamados, tem como meta receber doa\u00e7\u00f5es de Produtos de higiene pessoal, fraldas geri\u00e1tricas tamanhos M, G e GG, alimentos n\u00e3o perec\u00edveis e ainda roupas. <\/span><\/p>\n<p><span style=\"font-size: 14pt;\">Para tanto, os que desejarem contribuir podem levar as doa\u00e7\u00f5es aos postos de arrecada\u00e7\u00e3o que s\u00e3o: Moreira Material de Constru\u00e7\u00e3o, Academia.com e o pr\u00f3prio Abrigo de Velhos. Em Mantena o posto de arrecada\u00e7\u00e3o de doa\u00e7\u00f5es \u00e9 o\u00a0o CTES -Escola de Enfermagem de Mantena.<\/span><\/p>\n<p><span style=\"font-size: 14pt;\">Lembrando tamb\u00e9m que quem desejar visitar a institui\u00e7\u00e3o ela est\u00e1 aberta \u00e0 visitas todos os dias de 13 \u00e0s 15 horas. <\/span><\/p>\n<p><span style=\"font-size: 14pt;\">O abrigo de Velhos David Jos\u00e9 Rodrigues est\u00e1 situado \u00e0 Rua Prefeito Jos\u00e9 Mer\u00e7on Vieira, 242 no bairro Irm\u00e3os Fernandes em Barra de S\u00e3o Francisco. O telefone de contato \u00e9: (27) 3756-2499.<\/span><\/p>\n<p><span style=\"font-size: 10pt;\">ESPA\u00c7O EMPRESARIAL<\/span><a href=\"https:\/\/www.facebook.com\/redevalente\/\"><img loading=\"lazy\" class=\"alignnone size-full wp-image-29188\" src=\"http:\/\/www.portalmantena.com.br\/novo\/wp-content\/uploads\/2018\/05\/valentefaixa.jpg\" alt=\"\" width=\"700\" height=\"150\" srcset=\"http:\/\/www.portalmantena.com.br\/novo\/wp-content\/uploads\/2018\/05\/valentefaixa.jpg 700w, http:\/\/www.portalmantena.com.br\/novo\/wp-content\/uploads\/2018\/05\/valentefaixa-300x64.jpg 300w, http:\/\/www.portalmantena.com.br\/novo\/wp-content\/uploads\/2018\/05\/valentefaixa-696x150.jpg 696w\" sizes=\"(max-width: 700px) 100vw, 700px\" \/><\/a><\/p>\n","protected":false},"excerpt":{"rendered":"<p>Com o objetivo de tentar amenizar os problemas enfrentados pelo Abrigo dos Velhos David Jos\u00e9 Rodrigues, em Barra de S\u00e3o Francisco, uma Campanha intitulada &#8220;Ajude nossos her\u00f3is&#8221;, est\u00e1 sendo realizada na cidade e regi\u00e3o, com o apoio das redes sociais na internet. A campanha em prol do abrigo que atualmente cuida de 48 idosos e [&hellip;]<\/p>\n","protected":false},"author":1,"featured_media":34588,"comment_status":"open","ping_status":"open","sticky":false,"template":"","format":"standard","meta":[],"categories":[11,39],"tags":[],"_links":{"self":[{"href":"http:\/\/www.portalmantena.com.br\/novo\/index.php?rest_route=\/wp\/v2\/posts\/34587"}],"collection":[{"href":"http:\/\/www.portalmantena.com.br\/novo\/index.php?rest_route=\/wp\/v2\/posts"}],"about":[{"href":"http:\/\/www.portalmantena.com.br\/novo\/index.php?rest_route=\/wp\/v2\/types\/post"}],"author":[{"embeddable":true,"href":"http:\/\/www.portalmantena.com.br\/novo\/index.php?rest_route=\/wp\/v2\/users\/1"}],"replies":[{"embeddable":true,"href":"http:\/\/www.portalmantena.com.br\/novo\/index.php?rest_route=%2Fwp%2Fv2%2Fcomments&post=34587"}],"version-history":[{"count":3,"href":"http:\/\/www.portalmantena.com.br\/novo\/index.php?rest_route=\/wp\/v2\/posts\/34587\/revisions"}],"predecessor-version":[{"id":34602,"href":"http:\/\/www.portalmantena.com.br\/novo\/index.php?rest_route=\/wp\/v2\/posts\/34587\/revisions\/34602"}],"wp:featuredmedia":[{"embeddable":true,"href":"http:\/\/www.portalmantena.com.br\/novo\/index.php?rest_route=\/wp\/v2\/media\/34588"}],"wp:attachment":[{"href":"http:\/\/www.portalmantena.com.br\/novo\/index.php?rest_route=%2Fwp%2Fv2%2Fmedia&parent=34587"}],"wp:term":[{"taxonomy":"category","embeddable":true,"href":"http:\/\/www.portalmantena.com.br\/novo\/index.php?rest_route=%2Fwp%2Fv2%2Fcategories&post=34587"},{"taxonomy":"post_tag","embeddable":true,"href":"http:\/\/www.portalmantena.com.br\/novo\/index.php?rest_route=%2Fwp%2Fv2%2Ftags&post=34587"}],"curies":[{"name":"wp","href":"https:\/\/api.w.org\/{rel}","templated":true}]}}