{"id":34565,"date":"2018-08-07T10:01:24","date_gmt":"2018-08-07T13:01:24","guid":{"rendered":"http:\/\/www.portalmantena.com.br\/novo\/?p=34565"},"modified":"2018-08-07T10:25:06","modified_gmt":"2018-08-07T13:25:06","slug":"emergencia-em-vila-pavao-ja-sao-50-casos-de-malaria","status":"publish","type":"post","link":"http:\/\/www.portalmantena.com.br\/novo\/?p=34565","title":{"rendered":"Emerg\u00eancia em Vila Pav\u00e3o, j\u00e1 s\u00e3o 50 Casos de Mal\u00e1ria"},"content":{"rendered":"<p><a href=\"http:\/\/www.portalmantena.com.br\/novo\/wp-content\/uploads\/2018\/08\/no070818malaria.jpg\"><img loading=\"lazy\" class=\"alignnone size-full wp-image-34566\" src=\"http:\/\/www.portalmantena.com.br\/novo\/wp-content\/uploads\/2018\/08\/no070818malaria.jpg\" alt=\"\" width=\"700\" height=\"450\" srcset=\"http:\/\/www.portalmantena.com.br\/novo\/wp-content\/uploads\/2018\/08\/no070818malaria.jpg 700w, http:\/\/www.portalmantena.com.br\/novo\/wp-content\/uploads\/2018\/08\/no070818malaria-300x193.jpg 300w, http:\/\/www.portalmantena.com.br\/novo\/wp-content\/uploads\/2018\/08\/no070818malaria-696x447.jpg 696w, http:\/\/www.portalmantena.com.br\/novo\/wp-content\/uploads\/2018\/08\/no070818malaria-653x420.jpg 653w\" sizes=\"(max-width: 700px) 100vw, 700px\" \/><\/a><\/p>\n<p><span style=\"font-size: 14pt;\">A Prefeitura de Vila Pav\u00e3o,\u00a0decretou Situa\u00e7\u00e3o de Emerg\u00eancia em Sa\u00fade P\u00fablica, em raz\u00e3o do surto de mal\u00e1ria na cidade, criando ao mesmo tempo, a Sala da Situa\u00e7\u00e3o com o objetivo de monitorar as a\u00e7\u00f5es administrativas de combate \u00e0 doen\u00e7a. <\/span><\/p>\n<p><span style=\"font-size: 14pt;\">A medida foi tomada pela Administra\u00e7\u00e3o Municipal para ampliar as equipes que est\u00e3o trabalhando no combate e monitoramento da doen\u00e7a. O Decreto assinado no final da tarde de ontem (segunda-feira, 6), pelo prefeito Irineu wutke tem validade de 180 dias. <\/span><\/p>\n<p><span style=\"font-size: 14pt;\">O decreto autoriza a ado\u00e7\u00e3o de medidas administrativas necess\u00e1rias \u00e0 conten\u00e7\u00e3o do surto, especialmente, a aquisi\u00e7\u00e3o p\u00fablica de insumos e materiais e a contrata\u00e7\u00e3o dos servi\u00e7os necess\u00e1rios ao atendimento emergencial \u00e0 popula\u00e7\u00e3o. <\/span><\/p>\n<p><span style=\"font-size: 14pt;\">O munic\u00edpio, at\u00e9 a noite desta segunda-feira (6) havia registrado 50 casos confirmados da doen\u00e7a. Um novo relat\u00f3rio atualizado dever\u00e1 ser divulgado at\u00e9 o final da tarde desta ter\u00e7a-feira (7). Segundo a equipe que monitora a doen\u00e7a no munic\u00edpio, existem focos de mal\u00e1ria nas localidades de Concei\u00e7\u00e3o do Quinze, Pra\u00e7a Rica, C\u00f3rrego do Estev\u00e3o e C\u00f3rrego Para\u00edso, no interior do munic\u00edpio. Vila Pav\u00e3o criou uma for\u00e7a-tarefa para bloquear a doen\u00e7a, com o uso de carros fumac\u00ea e orienta\u00e7\u00f5es \u00e0 popula\u00e7\u00e3o. <\/span><\/p>\n<p><span style=\"font-size: 14pt;\">Foi montado ainda na cidade, um laborat\u00f3rio que oferece assist\u00eancia aos moradores com sintomas da doen\u00e7a, al\u00e9m de realizar exames com resultado mais r\u00e1pido, em cerca de 30 minutos. <\/span><\/p>\n<p><span style=\"font-size: 14pt;\">A transmiss\u00e3o da mal\u00e1ria ocorre pela picada do mosquito Anopheles stephensi, chamado de mosquito prego, que tamb\u00e9m se reproduz em \u00e1gua parada. <\/span><\/p>\n<p><span style=\"font-size: 14pt;\">Os sintomas s\u00e3o febre seguida de muito suor, calafrios, tremedeira, v\u00f4mitos e forte dor de cabe\u00e7a. A hip\u00f3tese \u00e9 que algu\u00e9m de fora com o v\u00edrus inoculado tenha trazido a doen\u00e7a. <\/span><\/p>\n<p><span style=\"font-size: 14pt;\">A for\u00e7a tarefa instalada no munic\u00edpio faz um trabalho investigativo para identificar o mais r\u00e1pido poss\u00edvel caso fonte que espalhou a doen\u00e7a no munic\u00edpio. (fonte\/foto:prefeituramunicipalvilapav\u00e3o).<\/span><\/p>\n<p><span style=\"font-size: 14pt;\">Atualizando as informa\u00e7\u00f5es que foram divulgadas no site gazetaonline, j\u00e1 s\u00e3o 64 casos de Mal\u00e1ria registrados no noroeste capixaba, sendo 50 casos em Vila Pav\u00e3o (em apenas 6 dias) e mais 14 casos identificados na cidade vizinha de Barra de S\u00e3o Francisco.<\/span><\/p>\n<p><span style=\"font-size: 10pt;\">ESPA\u00c7O EMPRESARIAL<\/span><a href=\"http:\/\/www.molvw.com.br\/\"><img loading=\"lazy\" class=\"alignnone size-full wp-image-29504\" src=\"http:\/\/www.portalmantena.com.br\/novo\/wp-content\/uploads\/2018\/05\/molvolkswagen.jpg\" alt=\"\" width=\"700\" height=\"150\" srcset=\"http:\/\/www.portalmantena.com.br\/novo\/wp-content\/uploads\/2018\/05\/molvolkswagen.jpg 700w, http:\/\/www.portalmantena.com.br\/novo\/wp-content\/uploads\/2018\/05\/molvolkswagen-300x64.jpg 300w, http:\/\/www.portalmantena.com.br\/novo\/wp-content\/uploads\/2018\/05\/molvolkswagen-696x150.jpg 696w\" sizes=\"(max-width: 700px) 100vw, 700px\" \/><\/a><\/p>\n","protected":false},"excerpt":{"rendered":"<p>A Prefeitura de Vila Pav\u00e3o,\u00a0decretou Situa\u00e7\u00e3o de Emerg\u00eancia em Sa\u00fade P\u00fablica, em raz\u00e3o do surto de mal\u00e1ria na cidade, criando ao mesmo tempo, a Sala da Situa\u00e7\u00e3o com o objetivo de monitorar as a\u00e7\u00f5es administrativas de combate \u00e0 doen\u00e7a. A medida foi tomada pela Administra\u00e7\u00e3o Municipal para ampliar as equipes que est\u00e3o trabalhando no combate [&hellip;]<\/p>\n","protected":false},"author":1,"featured_media":34566,"comment_status":"open","ping_status":"open","sticky":false,"template":"","format":"standard","meta":[],"categories":[11,39],"tags":[],"_links":{"self":[{"href":"http:\/\/www.portalmantena.com.br\/novo\/index.php?rest_route=\/wp\/v2\/posts\/34565"}],"collection":[{"href":"http:\/\/www.portalmantena.com.br\/novo\/index.php?rest_route=\/wp\/v2\/posts"}],"about":[{"href":"http:\/\/www.portalmantena.com.br\/novo\/index.php?rest_route=\/wp\/v2\/types\/post"}],"author":[{"embeddable":true,"href":"http:\/\/www.portalmantena.com.br\/novo\/index.php?rest_route=\/wp\/v2\/users\/1"}],"replies":[{"embeddable":true,"href":"http:\/\/www.portalmantena.com.br\/novo\/index.php?rest_route=%2Fwp%2Fv2%2Fcomments&post=34565"}],"version-history":[{"count":4,"href":"http:\/\/www.portalmantena.com.br\/novo\/index.php?rest_route=\/wp\/v2\/posts\/34565\/revisions"}],"predecessor-version":[{"id":34570,"href":"http:\/\/www.portalmantena.com.br\/novo\/index.php?rest_route=\/wp\/v2\/posts\/34565\/revisions\/34570"}],"wp:featuredmedia":[{"embeddable":true,"href":"http:\/\/www.portalmantena.com.br\/novo\/index.php?rest_route=\/wp\/v2\/media\/34566"}],"wp:attachment":[{"href":"http:\/\/www.portalmantena.com.br\/novo\/index.php?rest_route=%2Fwp%2Fv2%2Fmedia&parent=34565"}],"wp:term":[{"taxonomy":"category","embeddable":true,"href":"http:\/\/www.portalmantena.com.br\/novo\/index.php?rest_route=%2Fwp%2Fv2%2Fcategories&post=34565"},{"taxonomy":"post_tag","embeddable":true,"href":"http:\/\/www.portalmantena.com.br\/novo\/index.php?rest_route=%2Fwp%2Fv2%2Ftags&post=34565"}],"curies":[{"name":"wp","href":"https:\/\/api.w.org\/{rel}","templated":true}]}}