{"id":34562,"date":"2018-08-07T09:23:13","date_gmt":"2018-08-07T12:23:13","guid":{"rendered":"http:\/\/www.portalmantena.com.br\/novo\/?p=34562"},"modified":"2018-08-07T09:23:13","modified_gmt":"2018-08-07T12:23:13","slug":"07ago-agencias-bancarias-sao-explodidas-em-cuparaque","status":"publish","type":"post","link":"http:\/\/www.portalmantena.com.br\/novo\/?p=34562","title":{"rendered":"07AGO &#8211; Ag\u00eancias banc\u00e1rias s\u00e3o explodidas em Cuparaque"},"content":{"rendered":"<p><strong><a href=\"http:\/\/www.portalmantena.com.br\/novo\/wp-content\/uploads\/2017\/06\/diabaner-1.jpg\"><img loading=\"lazy\" class=\"alignnone size-full wp-image-8000\" src=\"http:\/\/www.portalmantena.com.br\/novo\/wp-content\/uploads\/2017\/06\/diabaner-1.jpg\" alt=\"\" width=\"650\" height=\"100\" srcset=\"http:\/\/www.portalmantena.com.br\/novo\/wp-content\/uploads\/2017\/06\/diabaner-1.jpg 650w, http:\/\/www.portalmantena.com.br\/novo\/wp-content\/uploads\/2017\/06\/diabaner-1-300x46.jpg 300w\" sizes=\"(max-width: 650px) 100vw, 650px\" \/><\/a><\/strong><a href=\"http:\/\/www.portalmantena.com.br\/novo\/wp-content\/uploads\/2018\/08\/dia070818Aa.jpg\"><img loading=\"lazy\" class=\"alignnone size-full wp-image-34563\" src=\"http:\/\/www.portalmantena.com.br\/novo\/wp-content\/uploads\/2018\/08\/dia070818Aa.jpg\" alt=\"\" width=\"700\" height=\"450\" srcset=\"http:\/\/www.portalmantena.com.br\/novo\/wp-content\/uploads\/2018\/08\/dia070818Aa.jpg 700w, http:\/\/www.portalmantena.com.br\/novo\/wp-content\/uploads\/2018\/08\/dia070818Aa-300x193.jpg 300w, http:\/\/www.portalmantena.com.br\/novo\/wp-content\/uploads\/2018\/08\/dia070818Aa-696x447.jpg 696w, http:\/\/www.portalmantena.com.br\/novo\/wp-content\/uploads\/2018\/08\/dia070818Aa-653x420.jpg 653w\" sizes=\"(max-width: 700px) 100vw, 700px\" \/><\/a><span style=\"font-size: 10pt;\">FOTO: Redesocial\/whatsapp<\/span><\/p>\n<p><strong>07 de Agosto<\/strong>\u00a0&#8211; Imagens de destrui\u00e7\u00e3o e devasta\u00e7\u00e3o, foi o que moradores presenciaram na madrugada desta ter\u00e7a-feira na cidade de Cuparaque, onde pelo menos duas ag\u00eancias banc\u00e1rias tiveram suas instala\u00e7\u00e3o explodias por bandidos.<\/p>\n<p>Pouca informa\u00e7\u00e3o foi divulgada, no entanto o que se sabe \u00e9 que o estrondo foi forte e que a popula\u00e7\u00e3o est\u00e1 assutada. Outras informa\u00e7\u00f5es teremos em nossa rede de not\u00edcias no PORTAL NEWS.<\/p>\n<p>&nbsp;<\/p>\n<p><span style=\"font-size: 10pt;\">ESPA\u00c7O EMPRESARIAL<\/span><a href=\"https:\/\/www.facebook.com\/profile.php?id=100004934627949&amp;fref=ts\"><img loading=\"lazy\" class=\"alignnone size-full wp-image-29178\" src=\"http:\/\/www.portalmantena.com.br\/novo\/wp-content\/uploads\/2018\/05\/printcolor.jpg\" alt=\"\" width=\"700\" height=\"150\" srcset=\"http:\/\/www.portalmantena.com.br\/novo\/wp-content\/uploads\/2018\/05\/printcolor.jpg 700w, http:\/\/www.portalmantena.com.br\/novo\/wp-content\/uploads\/2018\/05\/printcolor-300x64.jpg 300w, http:\/\/www.portalmantena.com.br\/novo\/wp-content\/uploads\/2018\/05\/printcolor-696x150.jpg 696w\" sizes=\"(max-width: 700px) 100vw, 700px\" \/><\/a><\/p>\n","protected":false},"excerpt":{"rendered":"<p>FOTO: Redesocial\/whatsapp 07 de Agosto\u00a0&#8211; Imagens de destrui\u00e7\u00e3o e devasta\u00e7\u00e3o, foi o que moradores presenciaram na madrugada desta ter\u00e7a-feira na cidade de Cuparaque, onde pelo menos duas ag\u00eancias banc\u00e1rias tiveram suas instala\u00e7\u00e3o explodias por bandidos. Pouca informa\u00e7\u00e3o foi divulgada, no entanto o que se sabe \u00e9 que o estrondo foi forte e que a popula\u00e7\u00e3o [&hellip;]<\/p>\n","protected":false},"author":1,"featured_media":34563,"comment_status":"open","ping_status":"open","sticky":false,"template":"","format":"standard","meta":[],"categories":[50],"tags":[],"_links":{"self":[{"href":"http:\/\/www.portalmantena.com.br\/novo\/index.php?rest_route=\/wp\/v2\/posts\/34562"}],"collection":[{"href":"http:\/\/www.portalmantena.com.br\/novo\/index.php?rest_route=\/wp\/v2\/posts"}],"about":[{"href":"http:\/\/www.portalmantena.com.br\/novo\/index.php?rest_route=\/wp\/v2\/types\/post"}],"author":[{"embeddable":true,"href":"http:\/\/www.portalmantena.com.br\/novo\/index.php?rest_route=\/wp\/v2\/users\/1"}],"replies":[{"embeddable":true,"href":"http:\/\/www.portalmantena.com.br\/novo\/index.php?rest_route=%2Fwp%2Fv2%2Fcomments&post=34562"}],"version-history":[{"count":1,"href":"http:\/\/www.portalmantena.com.br\/novo\/index.php?rest_route=\/wp\/v2\/posts\/34562\/revisions"}],"predecessor-version":[{"id":34564,"href":"http:\/\/www.portalmantena.com.br\/novo\/index.php?rest_route=\/wp\/v2\/posts\/34562\/revisions\/34564"}],"wp:featuredmedia":[{"embeddable":true,"href":"http:\/\/www.portalmantena.com.br\/novo\/index.php?rest_route=\/wp\/v2\/media\/34563"}],"wp:attachment":[{"href":"http:\/\/www.portalmantena.com.br\/novo\/index.php?rest_route=%2Fwp%2Fv2%2Fmedia&parent=34562"}],"wp:term":[{"taxonomy":"category","embeddable":true,"href":"http:\/\/www.portalmantena.com.br\/novo\/index.php?rest_route=%2Fwp%2Fv2%2Fcategories&post=34562"},{"taxonomy":"post_tag","embeddable":true,"href":"http:\/\/www.portalmantena.com.br\/novo\/index.php?rest_route=%2Fwp%2Fv2%2Ftags&post=34562"}],"curies":[{"name":"wp","href":"https:\/\/api.w.org\/{rel}","templated":true}]}}