{"id":3449,"date":"2017-03-24T08:01:44","date_gmt":"2017-03-24T11:01:44","guid":{"rendered":"http:\/\/www.portalmantena.com.br\/novo\/?p=3449"},"modified":"2017-03-24T08:01:44","modified_gmt":"2017-03-24T11:01:44","slug":"morreu-nesta-quinta-feira-o-conhecido-dr-ismael-oculista","status":"publish","type":"post","link":"http:\/\/www.portalmantena.com.br\/novo\/?p=3449","title":{"rendered":"Morreu nesta quinta-feira o conhecido Dr. Ismael oculista"},"content":{"rendered":"<p><a href=\"http:\/\/www.portalmantena.com.br\/novo\/wp-content\/uploads\/2017\/02\/saudadeismael.jpg\"><img loading=\"lazy\" class=\"alignnone size-full wp-image-3447\" src=\"http:\/\/www.portalmantena.com.br\/novo\/wp-content\/uploads\/2017\/02\/saudadeismael.jpg\" alt=\"\" width=\"650\" height=\"170\" srcset=\"http:\/\/www.portalmantena.com.br\/novo\/wp-content\/uploads\/2017\/02\/saudadeismael.jpg 650w, http:\/\/www.portalmantena.com.br\/novo\/wp-content\/uploads\/2017\/02\/saudadeismael-300x78.jpg 300w\" sizes=\"(max-width: 650px) 100vw, 650px\" \/><\/a><\/p>\n<p style=\"margin: 0cm; margin-bottom: .0001pt; line-height: 17.4pt; background: white;\"><span style=\"font-size: 15pt; font-family: Arial, sans-serif; color: #000000; letter-spacing: -0.25pt;\">Com problemas s\u00e9rios de sa\u00fade, muito debilitado, faleceu na noite desta quinta-feira dia 23 de mar\u00e7o em Vit\u00f3ria\/ES, o conhecido e ilustre mantenense Dr. Ismael Gon\u00e7alves Pereira, que foi um pioneiro em Mantena no ramo da Oftalmologia. Ele estava internado na UTI de um hospital em Vit\u00f3ria. <\/span><\/p>\n<p style=\"margin: 0cm; margin-bottom: .0001pt; line-height: 17.4pt; background: white;\">\n<p style=\"margin: 0cm; margin-bottom: .0001pt; line-height: 17.4pt; background: white;\"><span style=\"font-size: 15pt; font-family: Arial, sans-serif; color: #000000; letter-spacing: -0.25pt;\">Doutor Ismael oculista ( como era conhecido), tinha 69 anos e com certeza deixa muitos amigos nesta terrinha que tanto amou. Segundo informa\u00e7\u00f5es, seu corpo n\u00e3o deve ser transladado para Mantena, ser\u00e1 sepultado na capital capixaba nesta sexta-feira. <\/span><\/p>\n<p style=\"margin: 0cm; margin-bottom: .0001pt; line-height: 17.4pt; background: white;\">\n<p style=\"margin: 0cm; margin-bottom: .0001pt; line-height: 17.4pt; background: white;\"><span style=\"font-size: 15pt; font-family: Arial, sans-serif; color: #000000; letter-spacing: -0.25pt;\">A reda\u00e7\u00e3o do portalmantena estende a todos os familiares as condol\u00eancias neste momento de separa\u00e7\u00e3o, que o nosso Deus conforte os cora\u00e7\u00f5es. <\/span><\/p>\n","protected":false},"excerpt":{"rendered":"<p>Com problemas s\u00e9rios de sa\u00fade, muito debilitado, faleceu na noite desta quinta-feira dia 23 de mar\u00e7o em Vit\u00f3ria\/ES, o conhecido e ilustre mantenense Dr. Ismael Gon\u00e7alves Pereira, que foi um pioneiro em Mantena no ramo da Oftalmologia. Ele estava internado na UTI de um hospital em Vit\u00f3ria. Doutor Ismael oculista ( como era conhecido), tinha [&hellip;]<\/p>\n","protected":false},"author":1,"featured_media":0,"comment_status":"open","ping_status":"open","sticky":false,"template":"","format":"standard","meta":[],"categories":[24],"tags":[],"_links":{"self":[{"href":"http:\/\/www.portalmantena.com.br\/novo\/index.php?rest_route=\/wp\/v2\/posts\/3449"}],"collection":[{"href":"http:\/\/www.portalmantena.com.br\/novo\/index.php?rest_route=\/wp\/v2\/posts"}],"about":[{"href":"http:\/\/www.portalmantena.com.br\/novo\/index.php?rest_route=\/wp\/v2\/types\/post"}],"author":[{"embeddable":true,"href":"http:\/\/www.portalmantena.com.br\/novo\/index.php?rest_route=\/wp\/v2\/users\/1"}],"replies":[{"embeddable":true,"href":"http:\/\/www.portalmantena.com.br\/novo\/index.php?rest_route=%2Fwp%2Fv2%2Fcomments&post=3449"}],"version-history":[{"count":2,"href":"http:\/\/www.portalmantena.com.br\/novo\/index.php?rest_route=\/wp\/v2\/posts\/3449\/revisions"}],"predecessor-version":[{"id":3453,"href":"http:\/\/www.portalmantena.com.br\/novo\/index.php?rest_route=\/wp\/v2\/posts\/3449\/revisions\/3453"}],"wp:attachment":[{"href":"http:\/\/www.portalmantena.com.br\/novo\/index.php?rest_route=%2Fwp%2Fv2%2Fmedia&parent=3449"}],"wp:term":[{"taxonomy":"category","embeddable":true,"href":"http:\/\/www.portalmantena.com.br\/novo\/index.php?rest_route=%2Fwp%2Fv2%2Fcategories&post=3449"},{"taxonomy":"post_tag","embeddable":true,"href":"http:\/\/www.portalmantena.com.br\/novo\/index.php?rest_route=%2Fwp%2Fv2%2Ftags&post=3449"}],"curies":[{"name":"wp","href":"https:\/\/api.w.org\/{rel}","templated":true}]}}