{"id":34485,"date":"2018-08-06T18:36:40","date_gmt":"2018-08-06T21:36:40","guid":{"rendered":"http:\/\/www.portalmantena.com.br\/novo\/?p=34485"},"modified":"2018-08-08T10:22:02","modified_gmt":"2018-08-08T13:22:02","slug":"mais-uma-familia-mantenense-produzindo-sua-energia","status":"publish","type":"post","link":"http:\/\/www.portalmantena.com.br\/novo\/?p=34485","title":{"rendered":"Mais uma fam\u00edlia mantenense produzindo sua energia"},"content":{"rendered":"<p><a href=\"http:\/\/www.portalmantena.com.br\/novo\/wp-content\/uploads\/2018\/08\/no060818energia2.jpg\"><img loading=\"lazy\" class=\"alignnone size-full wp-image-34487\" src=\"http:\/\/www.portalmantena.com.br\/novo\/wp-content\/uploads\/2018\/08\/no060818energia2.jpg\" alt=\"\" width=\"700\" height=\"450\" srcset=\"http:\/\/www.portalmantena.com.br\/novo\/wp-content\/uploads\/2018\/08\/no060818energia2.jpg 700w, http:\/\/www.portalmantena.com.br\/novo\/wp-content\/uploads\/2018\/08\/no060818energia2-300x193.jpg 300w, http:\/\/www.portalmantena.com.br\/novo\/wp-content\/uploads\/2018\/08\/no060818energia2-696x447.jpg 696w, http:\/\/www.portalmantena.com.br\/novo\/wp-content\/uploads\/2018\/08\/no060818energia2-653x420.jpg 653w\" sizes=\"(max-width: 700px) 100vw, 700px\" \/><\/a><\/p>\n<p><span style=\"font-size: 14pt;\">Mais um cliente satisfeito da Tempo Solar em Mantena, produzindo sua pr\u00f3pria energia, captada atrav\u00e9s do sistema de placas solares. Esta alternativa vem crescendo n\u00e3o apenas em Mantena mas em toda a regi\u00e3o com v\u00e1rios projetos j\u00e1 sendo montados, atendendo a demanda por uma conta reduzida e com as necessidades atendidas. <\/span><\/p>\n<p><span style=\"font-size: 14pt;\">O cliente satisfeito \u00e9 a fam\u00edlia do produtor rural Sr. Jos\u00e9 Vaz e sua esposa Maria da Penha, eles j\u00e1 est\u00e3o produzindo en\u00e9rgica com uma economia m\u00e9dia de R$ 350 reais. <\/span><\/p>\n<p><span style=\"font-size: 14pt;\">Conhe\u00e7a voc\u00ea tamb\u00e9m os benef\u00edcios da produ\u00e7\u00e3o de energia atrav\u00e9s do Sol, com as placas coletoras. <\/span><\/p>\n<p><span style=\"font-size: 14pt;\">Fa\u00e7a um or\u00e7amento sem compromisso com o representante Emerson Alves, da Tempo Solar atrav\u00e9s do telefone: (33) 9 8864-0218 (Whatsapp).<\/span><\/p>\n<p><a href=\"http:\/\/www.portalmantena.com.br\/novo\/wp-content\/uploads\/2018\/08\/no060818energia1.jpg\"><img loading=\"lazy\" class=\"alignnone size-full wp-image-34486\" src=\"http:\/\/www.portalmantena.com.br\/novo\/wp-content\/uploads\/2018\/08\/no060818energia1.jpg\" alt=\"\" width=\"700\" height=\"450\" srcset=\"http:\/\/www.portalmantena.com.br\/novo\/wp-content\/uploads\/2018\/08\/no060818energia1.jpg 700w, http:\/\/www.portalmantena.com.br\/novo\/wp-content\/uploads\/2018\/08\/no060818energia1-300x193.jpg 300w, http:\/\/www.portalmantena.com.br\/novo\/wp-content\/uploads\/2018\/08\/no060818energia1-696x447.jpg 696w, http:\/\/www.portalmantena.com.br\/novo\/wp-content\/uploads\/2018\/08\/no060818energia1-653x420.jpg 653w\" sizes=\"(max-width: 700px) 100vw, 700px\" \/><\/a><\/p>\n<p><span style=\"font-size: 10pt;\">ESPA\u00c7O EMPRESARIAL<\/span><a href=\"https:\/\/www.facebook.com\/redevalente\/\"><img loading=\"lazy\" class=\"alignnone size-full wp-image-29188\" src=\"http:\/\/www.portalmantena.com.br\/novo\/wp-content\/uploads\/2018\/05\/valentefaixa.jpg\" alt=\"\" width=\"700\" height=\"150\" srcset=\"http:\/\/www.portalmantena.com.br\/novo\/wp-content\/uploads\/2018\/05\/valentefaixa.jpg 700w, http:\/\/www.portalmantena.com.br\/novo\/wp-content\/uploads\/2018\/05\/valentefaixa-300x64.jpg 300w, http:\/\/www.portalmantena.com.br\/novo\/wp-content\/uploads\/2018\/05\/valentefaixa-696x150.jpg 696w\" sizes=\"(max-width: 700px) 100vw, 700px\" \/><\/a><\/p>\n","protected":false},"excerpt":{"rendered":"<p>Mais um cliente satisfeito da Tempo Solar em Mantena, produzindo sua pr\u00f3pria energia, captada atrav\u00e9s do sistema de placas solares. Esta alternativa vem crescendo n\u00e3o apenas em Mantena mas em toda a regi\u00e3o com v\u00e1rios projetos j\u00e1 sendo montados, atendendo a demanda por uma conta reduzida e com as necessidades atendidas. O cliente satisfeito \u00e9 [&hellip;]<\/p>\n","protected":false},"author":1,"featured_media":34487,"comment_status":"open","ping_status":"open","sticky":false,"template":"","format":"standard","meta":[],"categories":[36,69],"tags":[],"_links":{"self":[{"href":"http:\/\/www.portalmantena.com.br\/novo\/index.php?rest_route=\/wp\/v2\/posts\/34485"}],"collection":[{"href":"http:\/\/www.portalmantena.com.br\/novo\/index.php?rest_route=\/wp\/v2\/posts"}],"about":[{"href":"http:\/\/www.portalmantena.com.br\/novo\/index.php?rest_route=\/wp\/v2\/types\/post"}],"author":[{"embeddable":true,"href":"http:\/\/www.portalmantena.com.br\/novo\/index.php?rest_route=\/wp\/v2\/users\/1"}],"replies":[{"embeddable":true,"href":"http:\/\/www.portalmantena.com.br\/novo\/index.php?rest_route=%2Fwp%2Fv2%2Fcomments&post=34485"}],"version-history":[{"count":1,"href":"http:\/\/www.portalmantena.com.br\/novo\/index.php?rest_route=\/wp\/v2\/posts\/34485\/revisions"}],"predecessor-version":[{"id":34488,"href":"http:\/\/www.portalmantena.com.br\/novo\/index.php?rest_route=\/wp\/v2\/posts\/34485\/revisions\/34488"}],"wp:featuredmedia":[{"embeddable":true,"href":"http:\/\/www.portalmantena.com.br\/novo\/index.php?rest_route=\/wp\/v2\/media\/34487"}],"wp:attachment":[{"href":"http:\/\/www.portalmantena.com.br\/novo\/index.php?rest_route=%2Fwp%2Fv2%2Fmedia&parent=34485"}],"wp:term":[{"taxonomy":"category","embeddable":true,"href":"http:\/\/www.portalmantena.com.br\/novo\/index.php?rest_route=%2Fwp%2Fv2%2Fcategories&post=34485"},{"taxonomy":"post_tag","embeddable":true,"href":"http:\/\/www.portalmantena.com.br\/novo\/index.php?rest_route=%2Fwp%2Fv2%2Ftags&post=34485"}],"curies":[{"name":"wp","href":"https:\/\/api.w.org\/{rel}","templated":true}]}}