{"id":34429,"date":"2018-08-06T20:05:15","date_gmt":"2018-08-06T23:05:15","guid":{"rendered":"http:\/\/www.portalmantena.com.br\/novo\/?p=34429"},"modified":"2018-08-06T09:49:24","modified_gmt":"2018-08-06T12:49:24","slug":"carro-clonado-e-apreendido-pela-pm-em-sao-mateus","status":"publish","type":"post","link":"http:\/\/www.portalmantena.com.br\/novo\/?p=34429","title":{"rendered":"Carro clonado \u00e9 apreendido pela PM em S\u00e3o Mateus"},"content":{"rendered":"<p><a href=\"http:\/\/www.portalmantena.com.br\/novo\/wp-content\/uploads\/2018\/08\/no060818carro.jpg\"><img loading=\"lazy\" class=\"alignnone size-full wp-image-34430\" src=\"http:\/\/www.portalmantena.com.br\/novo\/wp-content\/uploads\/2018\/08\/no060818carro.jpg\" alt=\"\" width=\"700\" height=\"450\" srcset=\"http:\/\/www.portalmantena.com.br\/novo\/wp-content\/uploads\/2018\/08\/no060818carro.jpg 700w, http:\/\/www.portalmantena.com.br\/novo\/wp-content\/uploads\/2018\/08\/no060818carro-300x193.jpg 300w, http:\/\/www.portalmantena.com.br\/novo\/wp-content\/uploads\/2018\/08\/no060818carro-696x447.jpg 696w, http:\/\/www.portalmantena.com.br\/novo\/wp-content\/uploads\/2018\/08\/no060818carro-653x420.jpg 653w\" sizes=\"(max-width: 700px) 100vw, 700px\" \/><\/a><\/p>\n<p><span style=\"font-size: 14pt;\">Policiais militares do 13\u00ba Batalh\u00e3o apreenderam na \u00faltima semana, um ve\u00edculo clonado no munic\u00edpio de S\u00e3o Mateus. A adultera\u00e7\u00e3o foi constatada ap\u00f3s an\u00e1lise minuciosa do carro, com restri\u00e7\u00e3o de furto e roubo no Rio de Janeiro. <\/span><\/p>\n<p><span style=\"font-size: 14pt;\">A equipe de servi\u00e7o da 4\u00aa Companhia abordou o condutor do ve\u00edculo Honda de cor cinza no centro de Guriri. Foram constatados ind\u00edcios de falsifica\u00e7\u00e3o de caracteres no CRLV do carro, no chassi e no n\u00famero do motor. O motorista de 46 anos, foi detido. <\/span><\/p>\n<p><span style=\"font-size: 14pt;\">O propriet\u00e1rio do ve\u00edculo descrito nos documentos informou pelo telefone que seu ve\u00edculo estava estacionado na garagem de sua casa, localizada em Minas Gerais. O carro clonado foi apreendido. (fonte\/foto:PM).<\/span><\/p>\n<p>&nbsp;<\/p>\n<p><span style=\"font-size: 10pt;\">ESPA\u00c7O EMPRESARIAL<\/span><a href=\"https:\/\/www.facebook.com\/Tekol-Basic-1148561818529027\/\"><img src=\"http:\/\/www.portalmantena.com.br\/novo\/wp-content\/uploads\/2018\/07\/tekol270718.jpg\" \/><\/a><\/p>\n","protected":false},"excerpt":{"rendered":"<p>Policiais militares do 13\u00ba Batalh\u00e3o apreenderam na \u00faltima semana, um ve\u00edculo clonado no munic\u00edpio de S\u00e3o Mateus. A adultera\u00e7\u00e3o foi constatada ap\u00f3s an\u00e1lise minuciosa do carro, com restri\u00e7\u00e3o de furto e roubo no Rio de Janeiro. A equipe de servi\u00e7o da 4\u00aa Companhia abordou o condutor do ve\u00edculo Honda de cor cinza no centro de [&hellip;]<\/p>\n","protected":false},"author":1,"featured_media":34430,"comment_status":"open","ping_status":"open","sticky":false,"template":"","format":"standard","meta":[],"categories":[11,34],"tags":[],"_links":{"self":[{"href":"http:\/\/www.portalmantena.com.br\/novo\/index.php?rest_route=\/wp\/v2\/posts\/34429"}],"collection":[{"href":"http:\/\/www.portalmantena.com.br\/novo\/index.php?rest_route=\/wp\/v2\/posts"}],"about":[{"href":"http:\/\/www.portalmantena.com.br\/novo\/index.php?rest_route=\/wp\/v2\/types\/post"}],"author":[{"embeddable":true,"href":"http:\/\/www.portalmantena.com.br\/novo\/index.php?rest_route=\/wp\/v2\/users\/1"}],"replies":[{"embeddable":true,"href":"http:\/\/www.portalmantena.com.br\/novo\/index.php?rest_route=%2Fwp%2Fv2%2Fcomments&post=34429"}],"version-history":[{"count":1,"href":"http:\/\/www.portalmantena.com.br\/novo\/index.php?rest_route=\/wp\/v2\/posts\/34429\/revisions"}],"predecessor-version":[{"id":34431,"href":"http:\/\/www.portalmantena.com.br\/novo\/index.php?rest_route=\/wp\/v2\/posts\/34429\/revisions\/34431"}],"wp:featuredmedia":[{"embeddable":true,"href":"http:\/\/www.portalmantena.com.br\/novo\/index.php?rest_route=\/wp\/v2\/media\/34430"}],"wp:attachment":[{"href":"http:\/\/www.portalmantena.com.br\/novo\/index.php?rest_route=%2Fwp%2Fv2%2Fmedia&parent=34429"}],"wp:term":[{"taxonomy":"category","embeddable":true,"href":"http:\/\/www.portalmantena.com.br\/novo\/index.php?rest_route=%2Fwp%2Fv2%2Fcategories&post=34429"},{"taxonomy":"post_tag","embeddable":true,"href":"http:\/\/www.portalmantena.com.br\/novo\/index.php?rest_route=%2Fwp%2Fv2%2Ftags&post=34429"}],"curies":[{"name":"wp","href":"https:\/\/api.w.org\/{rel}","templated":true}]}}