{"id":34425,"date":"2018-08-06T18:53:59","date_gmt":"2018-08-06T21:53:59","guid":{"rendered":"http:\/\/www.portalmantena.com.br\/novo\/?p=34425"},"modified":"2018-08-06T09:13:38","modified_gmt":"2018-08-06T12:13:38","slug":"adolescente-e-atingido-com-4-disparos-de-arma-de-fogo","status":"publish","type":"post","link":"http:\/\/www.portalmantena.com.br\/novo\/?p=34425","title":{"rendered":"Adolescente \u00e9 atingido com 4 disparos de arma de fogo"},"content":{"rendered":"<p><span style=\"font-size: 14pt;\">Um adolescente de 16 anos foi baleado em Governador Valadares, na noite da \u00faltima quinta-feira dia 2 de agosto. Segundo a Pol\u00edcia Militar, o menor estava em uma rua do Bairro Nossa Senhora das Gra\u00e7as quando o suspeito se aproximou e atirou cinco vezes. <\/span><\/p>\n<p><span style=\"font-size: 14pt;\">A v\u00edtima foi atingida por quatro tiros, sendo um no rosto, um no pesco\u00e7o e dois nas costas. Ele foi socorrido pelo Corpo de Bombeiros e encaminhado em estado grave para um hospital da cidade. <\/span><\/p>\n<p><span style=\"font-size: 14pt;\">A PM n\u00e3o soube informar a motiva\u00e7\u00e3o do crime e at\u00e9 o momento ningu\u00e9m foi preso. (fonte:g1\/vales).<\/span><\/p>\n<p>&nbsp;<\/p>\n<p><span style=\"font-size: 10pt;\">ESPA\u00c7O EMPRESARIAL<\/span><a href=\"http:\/\/www.portalmantena.com.br\/novo\/wp-content\/uploads\/2018\/05\/cafebonzonfaixa.jpg\"><img loading=\"lazy\" class=\"alignnone size-full wp-image-29162\" src=\"http:\/\/www.portalmantena.com.br\/novo\/wp-content\/uploads\/2018\/05\/cafebonzonfaixa.jpg\" alt=\"\" width=\"700\" height=\"150\" srcset=\"http:\/\/www.portalmantena.com.br\/novo\/wp-content\/uploads\/2018\/05\/cafebonzonfaixa.jpg 700w, http:\/\/www.portalmantena.com.br\/novo\/wp-content\/uploads\/2018\/05\/cafebonzonfaixa-300x64.jpg 300w, http:\/\/www.portalmantena.com.br\/novo\/wp-content\/uploads\/2018\/05\/cafebonzonfaixa-696x150.jpg 696w\" sizes=\"(max-width: 700px) 100vw, 700px\" \/><\/a><\/p>\n","protected":false},"excerpt":{"rendered":"<p>Um adolescente de 16 anos foi baleado em Governador Valadares, na noite da \u00faltima quinta-feira dia 2 de agosto. Segundo a Pol\u00edcia Militar, o menor estava em uma rua do Bairro Nossa Senhora das Gra\u00e7as quando o suspeito se aproximou e atirou cinco vezes. A v\u00edtima foi atingida por quatro tiros, sendo um no rosto, [&hellip;]<\/p>\n","protected":false},"author":1,"featured_media":0,"comment_status":"open","ping_status":"open","sticky":false,"template":"","format":"standard","meta":[],"categories":[24],"tags":[],"_links":{"self":[{"href":"http:\/\/www.portalmantena.com.br\/novo\/index.php?rest_route=\/wp\/v2\/posts\/34425"}],"collection":[{"href":"http:\/\/www.portalmantena.com.br\/novo\/index.php?rest_route=\/wp\/v2\/posts"}],"about":[{"href":"http:\/\/www.portalmantena.com.br\/novo\/index.php?rest_route=\/wp\/v2\/types\/post"}],"author":[{"embeddable":true,"href":"http:\/\/www.portalmantena.com.br\/novo\/index.php?rest_route=\/wp\/v2\/users\/1"}],"replies":[{"embeddable":true,"href":"http:\/\/www.portalmantena.com.br\/novo\/index.php?rest_route=%2Fwp%2Fv2%2Fcomments&post=34425"}],"version-history":[{"count":1,"href":"http:\/\/www.portalmantena.com.br\/novo\/index.php?rest_route=\/wp\/v2\/posts\/34425\/revisions"}],"predecessor-version":[{"id":34426,"href":"http:\/\/www.portalmantena.com.br\/novo\/index.php?rest_route=\/wp\/v2\/posts\/34425\/revisions\/34426"}],"wp:attachment":[{"href":"http:\/\/www.portalmantena.com.br\/novo\/index.php?rest_route=%2Fwp%2Fv2%2Fmedia&parent=34425"}],"wp:term":[{"taxonomy":"category","embeddable":true,"href":"http:\/\/www.portalmantena.com.br\/novo\/index.php?rest_route=%2Fwp%2Fv2%2Fcategories&post=34425"},{"taxonomy":"post_tag","embeddable":true,"href":"http:\/\/www.portalmantena.com.br\/novo\/index.php?rest_route=%2Fwp%2Fv2%2Ftags&post=34425"}],"curies":[{"name":"wp","href":"https:\/\/api.w.org\/{rel}","templated":true}]}}