{"id":34412,"date":"2018-08-06T20:04:37","date_gmt":"2018-08-06T23:04:37","guid":{"rendered":"http:\/\/www.portalmantena.com.br\/novo\/?p=34412"},"modified":"2018-08-06T09:49:51","modified_gmt":"2018-08-06T12:49:51","slug":"pm-ambiental-flagra-desmatamento-em-santa-teresa","status":"publish","type":"post","link":"http:\/\/www.portalmantena.com.br\/novo\/?p=34412","title":{"rendered":"PM Ambiental flagra desmatamento em Santa Teresa"},"content":{"rendered":"<p><a href=\"http:\/\/www.portalmantena.com.br\/novo\/wp-content\/uploads\/2018\/08\/no060818mata.jpg\"><img loading=\"lazy\" class=\"alignnone size-full wp-image-34413\" src=\"http:\/\/www.portalmantena.com.br\/novo\/wp-content\/uploads\/2018\/08\/no060818mata.jpg\" alt=\"\" width=\"700\" height=\"450\" srcset=\"http:\/\/www.portalmantena.com.br\/novo\/wp-content\/uploads\/2018\/08\/no060818mata.jpg 700w, http:\/\/www.portalmantena.com.br\/novo\/wp-content\/uploads\/2018\/08\/no060818mata-300x193.jpg 300w, http:\/\/www.portalmantena.com.br\/novo\/wp-content\/uploads\/2018\/08\/no060818mata-696x447.jpg 696w, http:\/\/www.portalmantena.com.br\/novo\/wp-content\/uploads\/2018\/08\/no060818mata-653x420.jpg 653w\" sizes=\"(max-width: 700px) 100vw, 700px\" \/><\/a><\/p>\n<p><span style=\"font-size: 14pt;\">Na \u00faltima quarta-feira (1\u00ba), em raz\u00e3o de atendimento a uma den\u00fancia de desmatamento, uma equipe do Batalh\u00e3o de Pol\u00edcia Militar Ambiental (BPMA) esteve na localidade de Santa L\u00facia, munic\u00edpio de Santa Teresa, onde flagrou a supress\u00e3o de vegeta\u00e7\u00e3o nativa em est\u00e1gio m\u00e9dio de regenera\u00e7\u00e3o, sem a necess\u00e1ria autoriza\u00e7\u00e3o do \u00f3rg\u00e3o ambiental competente. <\/span><\/p>\n<p><span style=\"font-size: 14pt;\">A supress\u00e3o foi feita por meio da utiliza\u00e7\u00e3o de uma escavadeira hidr\u00e1ulica, danificando uma \u00e1rea de 2.200 metros quadrados. <\/span><\/p>\n<p><span style=\"font-size: 14pt;\">O respons\u00e1vel pela propriedade, um produtor rural de 36 anos, e o operador da escavadeira, foram conduzidos ao plant\u00e3o policial de Santa Teresa. <\/span><\/p>\n<p><span style=\"font-size: 14pt;\">O Batalh\u00e3o de Pol\u00edcia Militar Ambiental alerta sobre a necessidade de se procurar os \u00f3rg\u00e3os ambientais para realizar os procedimentos necess\u00e1rios de autoriza\u00e7\u00e3o sempre que houver a necessidade de executar servi\u00e7o ou atividade potencialmente poluidora. A popula\u00e7\u00e3o tamb\u00e9m pode acionar a Pol\u00edcia Militar em caso de suspeita de crime ambiental. (fonte\/foto:PM).<\/span><\/p>\n<p>&nbsp;<\/p>\n<p><span style=\"font-size: 10pt;\">ESPA\u00c7O EMPRESARIAL<\/span><img loading=\"lazy\" class=\"alignnone size-full wp-image-30339\" src=\"http:\/\/www.portalmantena.com.br\/novo\/wp-content\/uploads\/2018\/05\/casadastintas.jpg\" alt=\"\" width=\"700\" height=\"150\" srcset=\"http:\/\/www.portalmantena.com.br\/novo\/wp-content\/uploads\/2018\/05\/casadastintas.jpg 700w, http:\/\/www.portalmantena.com.br\/novo\/wp-content\/uploads\/2018\/05\/casadastintas-300x64.jpg 300w, http:\/\/www.portalmantena.com.br\/novo\/wp-content\/uploads\/2018\/05\/casadastintas-696x150.jpg 696w\" sizes=\"(max-width: 700px) 100vw, 700px\" \/><\/p>\n","protected":false},"excerpt":{"rendered":"<p>Na \u00faltima quarta-feira (1\u00ba), em raz\u00e3o de atendimento a uma den\u00fancia de desmatamento, uma equipe do Batalh\u00e3o de Pol\u00edcia Militar Ambiental (BPMA) esteve na localidade de Santa L\u00facia, munic\u00edpio de Santa Teresa, onde flagrou a supress\u00e3o de vegeta\u00e7\u00e3o nativa em est\u00e1gio m\u00e9dio de regenera\u00e7\u00e3o, sem a necess\u00e1ria autoriza\u00e7\u00e3o do \u00f3rg\u00e3o ambiental competente. A supress\u00e3o foi [&hellip;]<\/p>\n","protected":false},"author":1,"featured_media":34413,"comment_status":"open","ping_status":"open","sticky":false,"template":"","format":"standard","meta":[],"categories":[11,34],"tags":[],"_links":{"self":[{"href":"http:\/\/www.portalmantena.com.br\/novo\/index.php?rest_route=\/wp\/v2\/posts\/34412"}],"collection":[{"href":"http:\/\/www.portalmantena.com.br\/novo\/index.php?rest_route=\/wp\/v2\/posts"}],"about":[{"href":"http:\/\/www.portalmantena.com.br\/novo\/index.php?rest_route=\/wp\/v2\/types\/post"}],"author":[{"embeddable":true,"href":"http:\/\/www.portalmantena.com.br\/novo\/index.php?rest_route=\/wp\/v2\/users\/1"}],"replies":[{"embeddable":true,"href":"http:\/\/www.portalmantena.com.br\/novo\/index.php?rest_route=%2Fwp%2Fv2%2Fcomments&post=34412"}],"version-history":[{"count":1,"href":"http:\/\/www.portalmantena.com.br\/novo\/index.php?rest_route=\/wp\/v2\/posts\/34412\/revisions"}],"predecessor-version":[{"id":34414,"href":"http:\/\/www.portalmantena.com.br\/novo\/index.php?rest_route=\/wp\/v2\/posts\/34412\/revisions\/34414"}],"wp:featuredmedia":[{"embeddable":true,"href":"http:\/\/www.portalmantena.com.br\/novo\/index.php?rest_route=\/wp\/v2\/media\/34413"}],"wp:attachment":[{"href":"http:\/\/www.portalmantena.com.br\/novo\/index.php?rest_route=%2Fwp%2Fv2%2Fmedia&parent=34412"}],"wp:term":[{"taxonomy":"category","embeddable":true,"href":"http:\/\/www.portalmantena.com.br\/novo\/index.php?rest_route=%2Fwp%2Fv2%2Fcategories&post=34412"},{"taxonomy":"post_tag","embeddable":true,"href":"http:\/\/www.portalmantena.com.br\/novo\/index.php?rest_route=%2Fwp%2Fv2%2Ftags&post=34412"}],"curies":[{"name":"wp","href":"https:\/\/api.w.org\/{rel}","templated":true}]}}