{"id":34326,"date":"2018-08-05T12:06:04","date_gmt":"2018-08-05T15:06:04","guid":{"rendered":"http:\/\/www.portalmantena.com.br\/novo\/?p=34326"},"modified":"2018-08-06T13:01:30","modified_gmt":"2018-08-06T16:01:30","slug":"atencao-vai-iniciar-a-campanha-de-vacinacao-contra-o-sarampo","status":"publish","type":"post","link":"http:\/\/www.portalmantena.com.br\/novo\/?p=34326","title":{"rendered":"Come\u00e7ou a Vacina\u00e7\u00e3o contra Sarampo e Poliomielite"},"content":{"rendered":"<p><a href=\"http:\/\/www.portalmantena.com.br\/novo\/wp-content\/uploads\/2018\/08\/no020818vacina.jpg\"><img loading=\"lazy\" class=\"alignnone size-full wp-image-34352\" src=\"http:\/\/www.portalmantena.com.br\/novo\/wp-content\/uploads\/2018\/08\/no020818vacina.jpg\" alt=\"\" width=\"700\" height=\"450\" srcset=\"http:\/\/www.portalmantena.com.br\/novo\/wp-content\/uploads\/2018\/08\/no020818vacina.jpg 700w, http:\/\/www.portalmantena.com.br\/novo\/wp-content\/uploads\/2018\/08\/no020818vacina-300x193.jpg 300w, http:\/\/www.portalmantena.com.br\/novo\/wp-content\/uploads\/2018\/08\/no020818vacina-696x447.jpg 696w, http:\/\/www.portalmantena.com.br\/novo\/wp-content\/uploads\/2018\/08\/no020818vacina-653x420.jpg 653w\" sizes=\"(max-width: 700px) 100vw, 700px\" \/><\/a><\/p>\n<p><span style=\"font-size: 14pt;\">Nesta segunda-feira, dia 06 de agosto, inicia-se em todo o Brasil, a Campanha de Vacina\u00e7\u00e3o contra o Sarampo e a Poliomielite, esta ser\u00e1 a edi\u00e7\u00e3o 2018 de combate \u00e0 estas doen\u00e7as.\u00a0<\/span><\/p>\n<p><span style=\"font-size: 14pt;\">A a\u00e7\u00e3o envolve todos os postos de sa\u00fade do Brasil e tem como alvo principal crian\u00e7as de 1 a 5 anos. O dia de mobiliza\u00e7\u00e3o nacional \u2013 o chamado dia D \u2013 acontecer\u00e1 em 18 de agosto, um s\u00e1bado. <\/span><\/p>\n<p><span style=\"font-size: 14pt;\">A imuniza\u00e7\u00e3o contra essa doen\u00e7a exige duas doses. Normalmente, no setor p\u00fablico a primeira \u00e9 dada aos 12 meses de vida, com a vers\u00e3o tr\u00edplice viral, e a segunda, aos 15 meses, com a tetraviral. <\/span><\/p>\n<p><span style=\"font-size: 14pt;\">Isso vale para o ano todo. Por\u00e9m, devido aos surtos que t\u00eam ocorrido em alguns estados do pa\u00eds, o governo convocou a campanha para aumentar a cobertura vacinal e impedir a dissemina\u00e7\u00e3o do sarampo.<\/span><\/p>\n<p>&nbsp;<\/p>\n<p><span style=\"font-size: 10pt;\">ESPA\u00c7O EMPRESARIAL<\/span><a href=\"http:\/\/www.portalmantena.com.br\/novo\/wp-content\/uploads\/2018\/05\/postoterraboa.jpg\"><img loading=\"lazy\" class=\"alignnone size-full wp-image-29172\" src=\"http:\/\/www.portalmantena.com.br\/novo\/wp-content\/uploads\/2018\/05\/postoterraboa.jpg\" alt=\"\" width=\"700\" height=\"150\" srcset=\"http:\/\/www.portalmantena.com.br\/novo\/wp-content\/uploads\/2018\/05\/postoterraboa.jpg 700w, http:\/\/www.portalmantena.com.br\/novo\/wp-content\/uploads\/2018\/05\/postoterraboa-300x64.jpg 300w, http:\/\/www.portalmantena.com.br\/novo\/wp-content\/uploads\/2018\/05\/postoterraboa-696x150.jpg 696w\" sizes=\"(max-width: 700px) 100vw, 700px\" \/><\/a><\/p>\n","protected":false},"excerpt":{"rendered":"<p>Nesta segunda-feira, dia 06 de agosto, inicia-se em todo o Brasil, a Campanha de Vacina\u00e7\u00e3o contra o Sarampo e a Poliomielite, esta ser\u00e1 a edi\u00e7\u00e3o 2018 de combate \u00e0 estas doen\u00e7as.\u00a0 A a\u00e7\u00e3o envolve todos os postos de sa\u00fade do Brasil e tem como alvo principal crian\u00e7as de 1 a 5 anos. O dia de [&hellip;]<\/p>\n","protected":false},"author":1,"featured_media":34352,"comment_status":"open","ping_status":"open","sticky":false,"template":"","format":"standard","meta":[],"categories":[36,11],"tags":[],"_links":{"self":[{"href":"http:\/\/www.portalmantena.com.br\/novo\/index.php?rest_route=\/wp\/v2\/posts\/34326"}],"collection":[{"href":"http:\/\/www.portalmantena.com.br\/novo\/index.php?rest_route=\/wp\/v2\/posts"}],"about":[{"href":"http:\/\/www.portalmantena.com.br\/novo\/index.php?rest_route=\/wp\/v2\/types\/post"}],"author":[{"embeddable":true,"href":"http:\/\/www.portalmantena.com.br\/novo\/index.php?rest_route=\/wp\/v2\/users\/1"}],"replies":[{"embeddable":true,"href":"http:\/\/www.portalmantena.com.br\/novo\/index.php?rest_route=%2Fwp%2Fv2%2Fcomments&post=34326"}],"version-history":[{"count":3,"href":"http:\/\/www.portalmantena.com.br\/novo\/index.php?rest_route=\/wp\/v2\/posts\/34326\/revisions"}],"predecessor-version":[{"id":34428,"href":"http:\/\/www.portalmantena.com.br\/novo\/index.php?rest_route=\/wp\/v2\/posts\/34326\/revisions\/34428"}],"wp:featuredmedia":[{"embeddable":true,"href":"http:\/\/www.portalmantena.com.br\/novo\/index.php?rest_route=\/wp\/v2\/media\/34352"}],"wp:attachment":[{"href":"http:\/\/www.portalmantena.com.br\/novo\/index.php?rest_route=%2Fwp%2Fv2%2Fmedia&parent=34326"}],"wp:term":[{"taxonomy":"category","embeddable":true,"href":"http:\/\/www.portalmantena.com.br\/novo\/index.php?rest_route=%2Fwp%2Fv2%2Fcategories&post=34326"},{"taxonomy":"post_tag","embeddable":true,"href":"http:\/\/www.portalmantena.com.br\/novo\/index.php?rest_route=%2Fwp%2Fv2%2Ftags&post=34326"}],"curies":[{"name":"wp","href":"https:\/\/api.w.org\/{rel}","templated":true}]}}